{"id":1803,"date":"2026-02-22T08:00:00","date_gmt":"2026-02-22T11:00:00","guid":{"rendered":"https:\/\/dianapacheco.com.br\/blog\/?p=1803"},"modified":"2026-02-18T21:38:46","modified_gmt":"2026-02-19T00:38:46","slug":"avaliacao-de-desempenho-fechando-o-ciclo-da-organizacao","status":"publish","type":"post","link":"https:\/\/dianapacheco.com.br\/blog\/avaliacao-de-desempenho-fechando-o-ciclo-da-organizacao\/","title":{"rendered":"Avalia\u00e7\u00e3o de Desempenho: Fechando o Ciclo da Organiza\u00e7\u00e3o"},"content":{"rendered":"\n<p>No post anterior falamos sobre o <a href=\"https:\/\/dianapacheco.com.br\/blog\/planejamento-estrategico-o-mapa-para-um-crescimento-sustentavel\/\">planejamento estrat\u00e9gico<\/a> da empresa que tamb\u00e9m deve contemplar os investimentos na equipe, pois s\u00e3o as pessoas que efetivamente movem a empresa. Sem considerar o desenvolvimento e a capacita\u00e7\u00e3o da equipe, qualquer estrat\u00e9gia fica incompleta.<\/p>\n\n\n\n<p>Mas antes de considerar esses itens, desenvolvimento e capacita\u00e7\u00e3o, \u00e9 fundamental monitorar e avaliar o desempenho das pessoas para utilizar como diagn\u00f3stico e alinhadar as condutas com os objetivos estrat\u00e9gicos da empresa. A avalia\u00e7\u00e3o de desempenho \u00e9 o elo que conecta a estrat\u00e9gia \u00e0 realidade do dia a dia, mostrando se as pessoas est\u00e3o caminhando na dire\u00e7\u00e3o certa e onde precisam de apoio para crescer.<\/p>\n\n\n\n<h2 class=\"wp-block-heading\">Por Que Avaliar Desempenho?<\/h2>\n\n\n\n<p>A avalia\u00e7\u00e3o de desempenho serve para v\u00e1rias coisas, mas vou te falar as que eu considero mais importantes:<\/p>\n\n\n\n<p><strong>1. Consolidar tudo que voc\u00ea estruturou<\/strong> &#8211; Voc\u00ea definiu processos, responsabilidades, padr\u00f5es de qualidade. A avalia\u00e7\u00e3o mostra se tudo isso saiu do papel e virou realidade no dia a dia.<\/p>\n\n\n\n<p><strong>2. Identificar o que precisa melhorar<\/strong> &#8211; Tanto nos processos (talvez algo n\u00e3o esteja claro o suficiente) quanto nas pessoas (talvez algu\u00e9m precise de mais treinamento ou suporte).<\/p>\n\n\n\n<p><strong>3. Dar clareza para as pessoas<\/strong> &#8211; Sabe aquela ang\u00fastia de n\u00e3o saber se voc\u00ea est\u00e1 fazendo um bom trabalho? A avalia\u00e7\u00e3o elimina isso. As pessoas precisam saber se est\u00e3o no caminho certo.<\/p>\n\n\n\n<p><strong>4. Retroalimentar o sistema<\/strong> &#8211; Os problemas que aparecem na avalia\u00e7\u00e3o te mostram onde seus processos precisam ser ajustados. \u00c9 um ciclo cont\u00ednuo de melhoria.<\/p>\n\n\n\n<h2 class=\"wp-block-heading\">O Que Avaliar?<\/h2>\n\n\n\n<p>Aqui est\u00e1 o segredo: Voc\u00ea avalia se ela est\u00e1 fazendo o que foi definido, da forma que foi definida. E a avalia\u00e7\u00e3o vai incluir tanto aspectos t\u00e9cnicos quanto comportamentais.<\/p>\n\n\n<div class=\"wp-block-image is-style-rounded\">\n<figure class=\"alignright size-full\"><img fetchpriority=\"high\" decoding=\"async\" width=\"300\" height=\"300\" src=\"https:\/\/dianapacheco.com.br\/blog\/wp-content\/uploads\/2026\/02\/Gemini_Generated_Image_o0l3vlo0l3vlo0l3-e1771458484352.png\" alt=\"\" class=\"wp-image-1806\"\/><\/figure>\n<\/div>\n\n\n<h3 class=\"wp-block-heading\">Aspectos T\u00e9cnicos<\/h3>\n\n\n\n<ul class=\"wp-block-list\">\n<li>As atividades est\u00e3o sendo executadas conforme o processo documentado?<\/li>\n\n\n\n<li>O padr\u00e3o de qualidade est\u00e1 sendo mantido?<\/li>\n\n\n\n<li>Os prazos est\u00e3o sendo cumpridos?<\/li>\n\n\n\n<li>A pessoa demonstra conhecimento t\u00e9cnico necess\u00e1rio para a fun\u00e7\u00e3o?<\/li>\n<\/ul>\n\n\n\n<h3 class=\"wp-block-heading\">Aspectos Comportamentais<\/h3>\n\n\n\n<p>E aqui est\u00e1 algo que muita gente esquece: comportamento importa tanto quanto habilidade t\u00e9cnica. Avaliar aspectos comportamentais ajuda as pessoas a se atentarem para isso tamb\u00e9m.<\/p>\n\n\n\n<ul class=\"wp-block-list\">\n<li>Como a pessoa se comunica com a equipe e com clientes?<\/li>\n\n\n\n<li>Ela \u00e9 proativa ou precisa ser sempre direcionada?<\/li>\n\n\n\n<li>Colabora com os colegas ou trabalha isoladamente?<\/li>\n\n\n\n<li>Lida bem com imprevistos e press\u00e3o?<\/li>\n\n\n\n<li>Busca aprender e melhorar continuamente?<\/li>\n\n\n\n<li>Est\u00e1 alinhada com os valores da empresa?<\/li>\n<\/ul>\n\n\n\n<p>Muitas vezes voc\u00ea tem algu\u00e9m tecnicamente excelente mas que tem comportamentos que atrapalham o time todo. Ou algu\u00e9m que ainda est\u00e1 desenvolvendo habilidades t\u00e9cnicas mas tem uma postura que agrega muito valor. A avalia\u00e7\u00e3o precisa captar essas nuances.<\/p>\n\n\n\n<h2 class=\"wp-block-heading\">Como Estruturar Sua Avalia\u00e7\u00e3o<\/h2>\n\n\n\n<p>N\u00e3o precisa ser complicado. Mas precisa ser estruturado. Ent\u00e3o:<\/p>\n\n\n\n<p><strong>Defina crit\u00e9rios claros<\/strong> &#8211; Para cada fun\u00e7\u00e3o, liste o que vai ser avaliado e seja espec\u00edfico. Os itens v\u00e3o depender do tipo atividade, como por exemplo, para atendimento: tempo de resposta, uso do sistema, qualidade das respostas, comunica\u00e7\u00e3o, proatividade, colabora\u00e7\u00e3o.<\/p>\n\n\n\n<p><strong>Estabele\u00e7a uma periodicidade<\/strong> &#8211; Para pequenas empresas come\u00e7ando, avalia\u00e7\u00f5es semestrais funcionam bem, complementadas com conversas mensais informais. Seja regular, n\u00e3o deixe passar anos sem avaliar.<\/p>\n\n\n\n<p><strong>Crie uma escala simples<\/strong> &#8211; N\u00e3o complique. Use algo como: Excelente (supera o esperado), Atende (faz conforme definido), Em desenvolvimento (precisa de suporte), N\u00e3o atende (n\u00e3o est\u00e1 fazendo conforme definido).<\/p>\n\n\n\n<p><strong>Estruture a conversa<\/strong> &#8211; Reserve 30-45 minutos. Comece pelos pontos positivos, aborde o que precisa melhorar, ou\u00e7a as dificuldades e sugest\u00f5es da pessoa, definam a\u00e7\u00f5es espec\u00edficas juntos e documente tudo.<\/p>\n\n\n\n<h2 class=\"wp-block-heading\">Os Dois Lados da Avalia\u00e7\u00e3o<\/h2>\n\n\n\n<p>A avalia\u00e7\u00e3o serve para identificar se o problema est\u00e1 na pessoa ou no processo.<\/p>\n\n\n\n<p><strong>Problema na pessoa:<\/strong> Falta conhecimento? Treine. Falta habilidade? Capacite ou ofere\u00e7a mentoria. Quest\u00e3o comportamental? D\u00ea feedback e trabalhe o desenvolvimento.<\/p>\n\n\n\n<p><strong>Problema no processo:<\/strong> Documenta\u00e7\u00e3o confusa? Revise. Processo muito complexo? Simplifique. Falta ferramenta? Invista. Expectativa irrealista? Ajuste.<\/p>\n\n\n\n<p>Muitas vezes o problema n\u00e3o est\u00e1 na pessoa, mas no que voc\u00ea estruturou. E isso \u00e9 \u00f3timo de descobrir, porque a\u00ed voc\u00ea ajusta e melhora para todos.<\/p>\n\n\n<div class=\"wp-block-image is-style-rounded\">\n<figure class=\"alignleft size-full\"><img decoding=\"async\" width=\"300\" height=\"300\" src=\"https:\/\/dianapacheco.com.br\/blog\/wp-content\/uploads\/2026\/02\/Gemini_Generated_Image_973y1x973y1x973y-e1771458414751.png\" alt=\"\" class=\"wp-image-1807\"\/><\/figure>\n<\/div>\n\n\n<h2 class=\"wp-block-heading\">O Que Fazer com os Resultados<\/h2>\n\n\n\n<p><strong>Se est\u00e1 tudo bem:<\/strong> Reconhe\u00e7a o bom trabalho. Pergunte o que pode facilitar ainda mais. Identifique oportunidades de crescimento.<\/p>\n\n\n\n<p><strong>Se precisa melhorar:<\/strong> Defina a\u00e7\u00f5es espec\u00edficas com prazos. Ofere\u00e7a suporte (treinamento, mentoria, ajuste de processo). Acompanhe o progresso.<\/p>\n\n\n\n<p><strong>Se o problema \u00e9 no processo:<\/strong> Revise a documenta\u00e7\u00e3o. Ajuste o necess\u00e1rio. Comunique as mudan\u00e7as. Treine novamente se necess\u00e1rio.<\/p>\n\n\n\n<h2 class=\"wp-block-heading\">O Grande Ganho<\/h2>\n\n\n\n<p>Para mim, o grande ganho da avalia\u00e7\u00e3o de desempenho foi <strong>apresentar aos colaboradores o que a empresa realmente espera deles.<\/strong> Tirar da subjetividade e tornar expl\u00edcito.<\/p>\n\n\n\n<p>Porque quando as pessoas sabem exatamente o que se espera delas, quando recebem feedback regular sobre como est\u00e3o performando, quando veem que voc\u00ea se importa em ajud\u00e1-las a crescer, tudo muda.<\/p>\n\n\n\n<p>O engajamento aumenta. A qualidade melhora. Os problemas diminuem. E voc\u00ea finalmente tem uma equipe que funciona de verdade.<\/p>\n\n\n\n<h2 class=\"wp-block-heading\">Comece Simples<\/h2>\n\n\n\n<p>Se voc\u00ea nunca fez avalia\u00e7\u00e3o de desempenho, n\u00e3o tente criar o sistema perfeito logo de cara. Comece simples:<\/p>\n\n\n\n<ul class=\"wp-block-list\">\n<li>Escolha 5-7 crit\u00e9rios importantes para cada fun\u00e7\u00e3o<\/li>\n\n\n\n<li>Use uma escala b\u00e1sica<\/li>\n\n\n\n<li>Agende conversas de 30-45 minutos com cada pessoa<\/li>\n\n\n\n<li>Documente o que foi discutido e as a\u00e7\u00f5es definidas<\/li>\n\n\n\n<li>Acompanhe ao longo do per\u00edodo<\/li>\n<\/ul>\n\n\n\n<p>Na pr\u00f3xima avalia\u00e7\u00e3o voc\u00ea melhora o processo. Assim como tudo na sua empresa: aos poucos, com consist\u00eancia. E a avalia\u00e7\u00e3o vai mudando de acordo com a maturidade da equipe. N\u00e3o d\u00e1 para avaliar de forma complexa se ainda n\u00e3o alcan\u00e7ou o b\u00e1sico.<\/p>\n\n\n\n<p><strong>E voc\u00ea, j\u00e1 faz avalia\u00e7\u00e3o de desempenho na sua empresa? Qual o maior desafio que enfrenta nesse processo?<\/strong> Me conta nos coment\u00e1rios!<\/p>\n","protected":false},"excerpt":{"rendered":"<p>No post anterior falamos sobre o planejamento estrat\u00e9gico da empresa que tamb\u00e9m deve contemplar os investimentos na equipe, pois s\u00e3o &#8230; <a class=\"cz_readmore cz_readmore_no_icon\" href=\"https:\/\/dianapacheco.com.br\/blog\/avaliacao-de-desempenho-fechando-o-ciclo-da-organizacao\/\"><span>Leia Mais<\/span><\/a><\/p>\n","protected":false},"author":1,"featured_media":1805,"comment_status":"open","ping_status":"open","sticky":false,"template":"","format":"standard","meta":{"footnotes":""},"categories":[95,93],"tags":[241,243,244,242],"class_list":["post-1803","post","type-post","status-publish","format-standard","has-post-thumbnail","hentry","category-gestao-de-pessoas","category-qualidade","tag-avaliacao-desempenho-equipe","tag-avaliacao-performance","tag-feedback-colaboradores","tag-melhoria-desempenho"],"yoast_head":"<!-- This site is optimized with the Yoast SEO plugin v23.8 - https:\/\/yoast.com\/wordpress\/plugins\/seo\/ -->\n<title>Avalia\u00e7\u00e3o de Desempenho: Fechando o Ciclo da Organiza\u00e7\u00e3o | Diana Pacheco<\/title>\n<meta name=\"description\" content=\"Descubra como fazer avalia\u00e7\u00e3o de desempenho eficaz que impacta diretamente na qualidade dos processos: crit\u00e9rios objetivos, periodicidade adequada e conex\u00e3o com SGQ,\" \/>\n<meta name=\"robots\" content=\"index, follow, max-snippet:-1, max-image-preview:large, max-video-preview:-1\" \/>\n<link rel=\"canonical\" href=\"https:\/\/dianapacheco.com.br\/blog\/avaliacao-de-desempenho-fechando-o-ciclo-da-organizacao\/\" \/>\n<meta property=\"og:locale\" content=\"pt_BR\" \/>\n<meta property=\"og:type\" content=\"article\" \/>\n<meta property=\"og:title\" content=\"Avalia\u00e7\u00e3o de Desempenho: Fechando o Ciclo da Organiza\u00e7\u00e3o | Diana Pacheco\" \/>\n<meta property=\"og:description\" content=\"Descubra como fazer avalia\u00e7\u00e3o de desempenho eficaz que impacta diretamente na qualidade dos processos: crit\u00e9rios objetivos, periodicidade adequada e conex\u00e3o com SGQ,\" \/>\n<meta property=\"og:url\" content=\"https:\/\/dianapacheco.com.br\/blog\/avaliacao-de-desempenho-fechando-o-ciclo-da-organizacao\/\" \/>\n<meta property=\"og:site_name\" content=\"Diana Pacheco\" \/>\n<meta property=\"article:published_time\" content=\"2026-02-22T11:00:00+00:00\" \/>\n<meta property=\"article:modified_time\" content=\"2026-02-19T00:38:46+00:00\" \/>\n<meta property=\"og:image\" content=\"https:\/\/dianapacheco.com.br\/blog\/wp-content\/uploads\/2026\/02\/Gemini_Generated_Image_ypd7n1ypd7n1ypd7-e1771458355308.png\" \/>\n\t<meta property=\"og:image:width\" content=\"300\" \/>\n\t<meta property=\"og:image:height\" content=\"300\" \/>\n\t<meta property=\"og:image:type\" content=\"image\/png\" \/>\n<meta name=\"author\" content=\"s-admin\" \/>\n<meta name=\"twitter:card\" content=\"summary_large_image\" \/>\n<meta name=\"twitter:label1\" content=\"Escrito por\" \/>\n\t<meta name=\"twitter:data1\" content=\"s-admin\" \/>\n\t<meta name=\"twitter:label2\" content=\"Est. tempo de leitura\" \/>\n\t<meta name=\"twitter:data2\" content=\"6 minutos\" \/>\n<script type=\"application\/ld+json\" class=\"yoast-schema-graph\">{\"@context\":\"https:\/\/schema.org\",\"@graph\":[{\"@type\":\"WebPage\",\"@id\":\"https:\/\/dianapacheco.com.br\/blog\/avaliacao-de-desempenho-fechando-o-ciclo-da-organizacao\/\",\"url\":\"https:\/\/dianapacheco.com.br\/blog\/avaliacao-de-desempenho-fechando-o-ciclo-da-organizacao\/\",\"name\":\"Avalia\u00e7\u00e3o de Desempenho: Fechando o Ciclo da Organiza\u00e7\u00e3o | Diana Pacheco\",\"isPartOf\":{\"@id\":\"https:\/\/dianapacheco.com.br\/blog\/#website\"},\"primaryImageOfPage\":{\"@id\":\"https:\/\/dianapacheco.com.br\/blog\/avaliacao-de-desempenho-fechando-o-ciclo-da-organizacao\/#primaryimage\"},\"image\":{\"@id\":\"https:\/\/dianapacheco.com.br\/blog\/avaliacao-de-desempenho-fechando-o-ciclo-da-organizacao\/#primaryimage\"},\"thumbnailUrl\":\"https:\/\/dianapacheco.com.br\/blog\/wp-content\/uploads\/2026\/02\/Gemini_Generated_Image_ypd7n1ypd7n1ypd7-e1771458355308.png\",\"datePublished\":\"2026-02-22T11:00:00+00:00\",\"dateModified\":\"2026-02-19T00:38:46+00:00\",\"author\":{\"@id\":\"https:\/\/dianapacheco.com.br\/blog\/#\/schema\/person\/97bf6b3fa6a56b83f8fe7cf4c1e2e1bb\"},\"description\":\"Descubra como fazer avalia\u00e7\u00e3o de desempenho eficaz que impacta diretamente na qualidade dos processos: crit\u00e9rios objetivos, periodicidade adequada e conex\u00e3o com SGQ,\",\"breadcrumb\":{\"@id\":\"https:\/\/dianapacheco.com.br\/blog\/avaliacao-de-desempenho-fechando-o-ciclo-da-organizacao\/#breadcrumb\"},\"inLanguage\":\"pt-BR\",\"potentialAction\":[{\"@type\":\"ReadAction\",\"target\":[\"https:\/\/dianapacheco.com.br\/blog\/avaliacao-de-desempenho-fechando-o-ciclo-da-organizacao\/\"]}]},{\"@type\":\"ImageObject\",\"inLanguage\":\"pt-BR\",\"@id\":\"https:\/\/dianapacheco.com.br\/blog\/avaliacao-de-desempenho-fechando-o-ciclo-da-organizacao\/#primaryimage\",\"url\":\"https:\/\/dianapacheco.com.br\/blog\/wp-content\/uploads\/2026\/02\/Gemini_Generated_Image_ypd7n1ypd7n1ypd7-e1771458355308.png\",\"contentUrl\":\"https:\/\/dianapacheco.com.br\/blog\/wp-content\/uploads\/2026\/02\/Gemini_Generated_Image_ypd7n1ypd7n1ypd7-e1771458355308.png\",\"width\":300,\"height\":300},{\"@type\":\"BreadcrumbList\",\"@id\":\"https:\/\/dianapacheco.com.br\/blog\/avaliacao-de-desempenho-fechando-o-ciclo-da-organizacao\/#breadcrumb\",\"itemListElement\":[{\"@type\":\"ListItem\",\"position\":1,\"name\":\"In\u00edcio\",\"item\":\"https:\/\/dianapacheco.com.br\/blog\/\"},{\"@type\":\"ListItem\",\"position\":2,\"name\":\"Avalia\u00e7\u00e3o de Desempenho: Fechando o Ciclo da Organiza\u00e7\u00e3o\"}]},{\"@type\":\"WebSite\",\"@id\":\"https:\/\/dianapacheco.com.br\/blog\/#website\",\"url\":\"https:\/\/dianapacheco.com.br\/blog\/\",\"name\":\"Diana Pacheco | Consultoria e Intelig\u00eancia Administrativa\",\"description\":\"Crescendo Organizando\",\"alternateName\":\"Diana Pacheco | Consultoria e Intelig\u00eancia Administrativa\",\"potentialAction\":[{\"@type\":\"SearchAction\",\"target\":{\"@type\":\"EntryPoint\",\"urlTemplate\":\"https:\/\/dianapacheco.com.br\/blog\/?s={search_term_string}\"},\"query-input\":{\"@type\":\"PropertyValueSpecification\",\"valueRequired\":true,\"valueName\":\"search_term_string\"}}],\"inLanguage\":\"pt-BR\"},{\"@type\":\"Person\",\"@id\":\"https:\/\/dianapacheco.com.br\/blog\/#\/schema\/person\/97bf6b3fa6a56b83f8fe7cf4c1e2e1bb\",\"name\":\"s-admin\",\"sameAs\":[\"https:\/\/dianapacheco.com.br\/blog\"],\"url\":\"https:\/\/dianapacheco.com.br\/blog\/author\/s-admin\/\"}]}<\/script>\n<!-- \/ Yoast SEO plugin. -->","yoast_head_json":{"title":"Avalia\u00e7\u00e3o de Desempenho: Fechando o Ciclo da Organiza\u00e7\u00e3o | Diana Pacheco","description":"Descubra como fazer avalia\u00e7\u00e3o de desempenho eficaz que impacta diretamente na qualidade dos processos: crit\u00e9rios objetivos, periodicidade adequada e conex\u00e3o com SGQ,","robots":{"index":"index","follow":"follow","max-snippet":"max-snippet:-1","max-image-preview":"max-image-preview:large","max-video-preview":"max-video-preview:-1"},"canonical":"https:\/\/dianapacheco.com.br\/blog\/avaliacao-de-desempenho-fechando-o-ciclo-da-organizacao\/","og_locale":"pt_BR","og_type":"article","og_title":"Avalia\u00e7\u00e3o de Desempenho: Fechando o Ciclo da Organiza\u00e7\u00e3o | Diana Pacheco","og_description":"Descubra como fazer avalia\u00e7\u00e3o de desempenho eficaz que impacta diretamente na qualidade dos processos: crit\u00e9rios objetivos, periodicidade adequada e conex\u00e3o com SGQ,","og_url":"https:\/\/dianapacheco.com.br\/blog\/avaliacao-de-desempenho-fechando-o-ciclo-da-organizacao\/","og_site_name":"Diana Pacheco","article_published_time":"2026-02-22T11:00:00+00:00","article_modified_time":"2026-02-19T00:38:46+00:00","og_image":[{"width":300,"height":300,"url":"https:\/\/dianapacheco.com.br\/blog\/wp-content\/uploads\/2026\/02\/Gemini_Generated_Image_ypd7n1ypd7n1ypd7-e1771458355308.png","type":"image\/png"}],"author":"s-admin","twitter_card":"summary_large_image","twitter_misc":{"Escrito por":"s-admin","Est. tempo de leitura":"6 minutos"},"schema":{"@context":"https:\/\/schema.org","@graph":[{"@type":"WebPage","@id":"https:\/\/dianapacheco.com.br\/blog\/avaliacao-de-desempenho-fechando-o-ciclo-da-organizacao\/","url":"https:\/\/dianapacheco.com.br\/blog\/avaliacao-de-desempenho-fechando-o-ciclo-da-organizacao\/","name":"Avalia\u00e7\u00e3o de Desempenho: Fechando o Ciclo da Organiza\u00e7\u00e3o | Diana Pacheco","isPartOf":{"@id":"https:\/\/dianapacheco.com.br\/blog\/#website"},"primaryImageOfPage":{"@id":"https:\/\/dianapacheco.com.br\/blog\/avaliacao-de-desempenho-fechando-o-ciclo-da-organizacao\/#primaryimage"},"image":{"@id":"https:\/\/dianapacheco.com.br\/blog\/avaliacao-de-desempenho-fechando-o-ciclo-da-organizacao\/#primaryimage"},"thumbnailUrl":"https:\/\/dianapacheco.com.br\/blog\/wp-content\/uploads\/2026\/02\/Gemini_Generated_Image_ypd7n1ypd7n1ypd7-e1771458355308.png","datePublished":"2026-02-22T11:00:00+00:00","dateModified":"2026-02-19T00:38:46+00:00","author":{"@id":"https:\/\/dianapacheco.com.br\/blog\/#\/schema\/person\/97bf6b3fa6a56b83f8fe7cf4c1e2e1bb"},"description":"Descubra como fazer avalia\u00e7\u00e3o de desempenho eficaz que impacta diretamente na qualidade dos processos: crit\u00e9rios objetivos, periodicidade adequada e conex\u00e3o com SGQ,","breadcrumb":{"@id":"https:\/\/dianapacheco.com.br\/blog\/avaliacao-de-desempenho-fechando-o-ciclo-da-organizacao\/#breadcrumb"},"inLanguage":"pt-BR","potentialAction":[{"@type":"ReadAction","target":["https:\/\/dianapacheco.com.br\/blog\/avaliacao-de-desempenho-fechando-o-ciclo-da-organizacao\/"]}]},{"@type":"ImageObject","inLanguage":"pt-BR","@id":"https:\/\/dianapacheco.com.br\/blog\/avaliacao-de-desempenho-fechando-o-ciclo-da-organizacao\/#primaryimage","url":"https:\/\/dianapacheco.com.br\/blog\/wp-content\/uploads\/2026\/02\/Gemini_Generated_Image_ypd7n1ypd7n1ypd7-e1771458355308.png","contentUrl":"https:\/\/dianapacheco.com.br\/blog\/wp-content\/uploads\/2026\/02\/Gemini_Generated_Image_ypd7n1ypd7n1ypd7-e1771458355308.png","width":300,"height":300},{"@type":"BreadcrumbList","@id":"https:\/\/dianapacheco.com.br\/blog\/avaliacao-de-desempenho-fechando-o-ciclo-da-organizacao\/#breadcrumb","itemListElement":[{"@type":"ListItem","position":1,"name":"In\u00edcio","item":"https:\/\/dianapacheco.com.br\/blog\/"},{"@type":"ListItem","position":2,"name":"Avalia\u00e7\u00e3o de Desempenho: Fechando o Ciclo da Organiza\u00e7\u00e3o"}]},{"@type":"WebSite","@id":"https:\/\/dianapacheco.com.br\/blog\/#website","url":"https:\/\/dianapacheco.com.br\/blog\/","name":"Diana Pacheco | Consultoria e Intelig\u00eancia Administrativa","description":"Crescendo Organizando","alternateName":"Diana Pacheco | Consultoria e Intelig\u00eancia Administrativa","potentialAction":[{"@type":"SearchAction","target":{"@type":"EntryPoint","urlTemplate":"https:\/\/dianapacheco.com.br\/blog\/?s={search_term_string}"},"query-input":{"@type":"PropertyValueSpecification","valueRequired":true,"valueName":"search_term_string"}}],"inLanguage":"pt-BR"},{"@type":"Person","@id":"https:\/\/dianapacheco.com.br\/blog\/#\/schema\/person\/97bf6b3fa6a56b83f8fe7cf4c1e2e1bb","name":"s-admin","sameAs":["https:\/\/dianapacheco.com.br\/blog"],"url":"https:\/\/dianapacheco.com.br\/blog\/author\/s-admin\/"}]}},"_links":{"self":[{"href":"https:\/\/dianapacheco.com.br\/blog\/wp-json\/wp\/v2\/posts\/1803","targetHints":{"allow":["GET"]}}],"collection":[{"href":"https:\/\/dianapacheco.com.br\/blog\/wp-json\/wp\/v2\/posts"}],"about":[{"href":"https:\/\/dianapacheco.com.br\/blog\/wp-json\/wp\/v2\/types\/post"}],"author":[{"embeddable":true,"href":"https:\/\/dianapacheco.com.br\/blog\/wp-json\/wp\/v2\/users\/1"}],"replies":[{"embeddable":true,"href":"https:\/\/dianapacheco.com.br\/blog\/wp-json\/wp\/v2\/comments?post=1803"}],"version-history":[{"count":3,"href":"https:\/\/dianapacheco.com.br\/blog\/wp-json\/wp\/v2\/posts\/1803\/revisions"}],"predecessor-version":[{"id":1822,"href":"https:\/\/dianapacheco.com.br\/blog\/wp-json\/wp\/v2\/posts\/1803\/revisions\/1822"}],"wp:featuredmedia":[{"embeddable":true,"href":"https:\/\/dianapacheco.com.br\/blog\/wp-json\/wp\/v2\/media\/1805"}],"wp:attachment":[{"href":"https:\/\/dianapacheco.com.br\/blog\/wp-json\/wp\/v2\/media?parent=1803"}],"wp:term":[{"taxonomy":"category","embeddable":true,"href":"https:\/\/dianapacheco.com.br\/blog\/wp-json\/wp\/v2\/categories?post=1803"},{"taxonomy":"post_tag","embeddable":true,"href":"https:\/\/dianapacheco.com.br\/blog\/wp-json\/wp\/v2\/tags?post=1803"}],"curies":[{"name":"wp","href":"https:\/\/api.w.org\/{rel}","templated":true}]}}