{"id":1762,"date":"2026-02-01T19:43:29","date_gmt":"2026-02-01T22:43:29","guid":{"rendered":"https:\/\/dianapacheco.com.br\/blog\/?p=1762"},"modified":"2026-02-01T19:43:31","modified_gmt":"2026-02-01T22:43:31","slug":"planejamento-estrategico-o-mapa-para-um-crescimento-sustentavel","status":"publish","type":"post","link":"https:\/\/dianapacheco.com.br\/blog\/planejamento-estrategico-o-mapa-para-um-crescimento-sustentavel\/","title":{"rendered":"Planejamento Estrat\u00e9gico: O Mapa para um Crescimento Sustent\u00e1vel"},"content":{"rendered":"\n<p>Ap\u00f3s o planejamento pessoal feito, agora \u00e9 hora de levar essa conversa para o n\u00edvel profissional e empresarial.<\/p>\n\n\n\n<p>Muitas vezes, a palavra &#8220;estrat\u00e9gia&#8221; parece algo reservado apenas para grandes corpora\u00e7\u00f5es. Mas, para quem empreende \u2014 seja como uma &#8220;Eu-empresa&#8221; ou liderando um pequeno time \u2014 o planejamento estrat\u00e9gico \u00e9, na verdade, a ferramenta que traz clareza, dire\u00e7\u00e3o e, principalmente, liberdade para fazer escolhas conscientes.<\/p>\n\n\n\n<h2 class=\"wp-block-heading\"><strong>Por que Planejar \u00e9 Essencial para Empreendedores e Prestadores de Servi\u00e7o?<\/strong><\/h2>\n\n\n\n<p>Planejar permite que voc\u00ea pare de apenas &#8220;apagar inc\u00eandios&#8221; e comece a construir uma opera\u00e7\u00e3o que funcione com processos claros e previs\u00edveis. \u00c9 o planejamento que d\u00e1 o direcionamento necess\u00e1rio para o futuro da empresa, alinhando esfor\u00e7os do presente com objetivos futuros.<\/p>\n\n\n\n<p>Nesse momento \u00e9 fundamental olhar para o passado com honestidade, analisar o que est\u00e1 dando certo e o que precisa ser ajustado, e ent\u00e3o planejar o desejado para os pr\u00f3ximos anos em diferentes horizontes: curto prazo (at\u00e9 1 ano), m\u00e9dio prazo (1 a 3 anos) e longo prazo (3 a 5 anos).<\/p>\n\n\n\n<h2 class=\"wp-block-heading\"><strong>Ferramentas de Gest\u00e3o que Apoiam Seu Planejamento Estrat\u00e9gico<\/strong><\/h2>\n\n\n<div class=\"wp-block-image is-style-rounded\">\n<figure class=\"alignleft size-large is-resized\"><img fetchpriority=\"high\" decoding=\"async\" width=\"1024\" height=\"585\" src=\"https:\/\/dianapacheco.com.br\/blog\/wp-content\/uploads\/2026\/01\/Gemini_Generated_Image_snam77snam77snam-1024x585.png\" alt=\"\" class=\"wp-image-1771\" style=\"aspect-ratio:1.7504558478770513;width:396px;height:auto\"\/><\/figure>\n<\/div>\n\n\n<p>O planejamento estrat\u00e9gico ganha muito mais for\u00e7a quando se conecta com ferramentas e rituais de gest\u00e3o que j\u00e1 discutimos anteriormente:<\/p>\n\n\n\n<p><strong>An\u00e1lise Cr\u00edtica<\/strong> Como vimos no <a href=\"https:\/\/dianapacheco.com.br\/blog\/analise-critica-o-momento-de-avaliar-e-realinhar\/\">p<\/a><a href=\"https:\/\/www.notion.so\/link\">ost sobre an\u00e1lise cr\u00edtica<\/a>, essa ferramenta permite usar os dados e resultados do ciclo anterior para tomar decis\u00f5es embasadas sobre o que manter, o que ajustar e o que descartar. \u00c9 olhar para tr\u00e1s para planejar melhor o caminho \u00e0 frente.<\/p>\n\n\n\n<p><strong>Auditorias Internas<\/strong> As <a href=\"https:\/\/dianapacheco.com.br\/blog\/auditoria-interna-um-olhar-estrategico\/\">auditorias internas<\/a> funcionam como um diagn\u00f3stico preventivo, garantindo que a qualidade do seu produto ou servi\u00e7o continue impec\u00e1vel e identificando pontos de aten\u00e7\u00e3o antes que se tornem problemas maiores.<\/p>\n\n\n\n<h2 class=\"wp-block-heading\"><strong>Planejamento como Ferramenta de Liberdade<\/strong><\/h2>\n\n\n\n<p>Quando voc\u00ea tem um plano estrat\u00e9gico claro, ganha liberdade para tomar decis\u00f5es mais assertivas, priorizar o que realmente importa e dizer &#8220;n\u00e3o&#8221; ao que desvia do caminho tra\u00e7ado. O planejamento n\u00e3o engessa &#8211; ele liberta voc\u00ea das urg\u00eancias constantes e permite focar no que \u00e9 verdadeiramente importante.<\/p>\n\n\n\n<p>Por isso, revisite o planejamento mesalmente para acompanhar as atividades planejadas e atualizar o que for necess\u00e1rio.<\/p>\n\n\n\n<h2 class=\"wp-block-heading\"><strong>Estrutura do Planejamento Estrat\u00e9gico<\/strong><\/h2>\n\n\n\n<p>Mas afinal, o que precisa conter dentro do planejamento estrat\u00e9gico? Todas as informa\u00e7\u00f5es que direcionam a sua empresa devem estar claramente definidas:<\/p>\n\n\n\n<ul class=\"wp-block-list\">\n<li><strong>Miss\u00e3o<\/strong>: Por que sua empresa existe<\/li>\n\n\n\n<li><strong>Vis\u00e3o<\/strong>: Onde voc\u00ea quer chegar<\/li>\n\n\n\n<li><strong>Valores<\/strong>: Princ\u00edpios que guiam suas decis\u00f5es<\/li>\n\n\n\n<li><strong>Objetivos<\/strong>: O que voc\u00ea quer alcan\u00e7ar<\/li>\n\n\n\n<li><strong>Metas espec\u00edficas<\/strong>: Resultados mensur\u00e1veis e com prazo<\/li>\n<\/ul>\n\n\n<div class=\"wp-block-image is-style-rounded\">\n<figure class=\"aligncenter size-large is-resized\"><img decoding=\"async\" width=\"1024\" height=\"522\" src=\"https:\/\/dianapacheco.com.br\/blog\/wp-content\/uploads\/2026\/01\/Gemini_Generated_Image_yfpjbiyfpjbiyfpj-1024x522.png\" alt=\"\" class=\"wp-image-1769\" style=\"aspect-ratio:1.9617574076777113;width:601px;height:auto\"\/><\/figure>\n<\/div>\n\n\n<p>Tudo isso se desdobra em a\u00e7\u00f5es concretas com prazos definidos e responsabilidades claras. Sem essa estrutura, o planejamento fica apenas no campo das boas inten\u00e7\u00f5es.<\/p>\n\n\n\n<h2 class=\"wp-block-heading\"><strong>Ferramenta Pr\u00e1tica para Come\u00e7ar<\/strong><\/h2>\n\n\n\n<p>Para esse detalhamento pode ser utilizada qualquer ferramenta: Word, Excel, Planner, etc. No Notion (ferramenta que adoro e j\u00e1 mencionei em outros posts), existem diversos templates que podem ser utilizados para estruturar seu planejamento estrat\u00e9gico. Criei um modelo bem simples para voc\u00eas come\u00e7arem o planejamento de forma pr\u00e1tica e acess\u00edvel. Segue o <a href=\"https:\/\/wild-hedgehog-f12.notion.site\/Mapa-Estrat-gico-Modelo-para-Pequenos-Neg-cios-2f366e55bc48806ead50e31c48dd789e?source=copy_link\">link para o template<\/a>.<\/p>\n\n\n\n<p>\ud83d\udca1 <strong>Dica pr\u00e1tica<\/strong>: Comece simples. \u00c9 melhor ter um planejamento b\u00e1sico mas que voc\u00ea realmente acompanha, do que um planejamento complexo que fica esquecido na gaveta.<\/p>\n\n\n\n<p>E voc\u00ea, j\u00e1 tem um planejamento estrat\u00e9gico estruturado para sua empresa ou atua\u00e7\u00e3o profissional? Como tem feito para conectar estrat\u00e9gia com execu\u00e7\u00e3o no dia a dia? Compartilhe suas experi\u00eancias nos coment\u00e1rios!<\/p>\n","protected":false},"excerpt":{"rendered":"<p>Ap\u00f3s o planejamento pessoal feito, agora \u00e9 hora de levar essa conversa para o n\u00edvel profissional e empresarial. Muitas vezes, &#8230; <a class=\"cz_readmore cz_readmore_no_icon\" href=\"https:\/\/dianapacheco.com.br\/blog\/planejamento-estrategico-o-mapa-para-um-crescimento-sustentavel\/\"><span>Leia Mais<\/span><\/a><\/p>\n","protected":false},"author":1,"featured_media":1770,"comment_status":"open","ping_status":"open","sticky":false,"template":"","format":"standard","meta":{"footnotes":""},"categories":[74],"tags":[47,166,164,240],"class_list":["post-1762","post","type-post","status-publish","format-standard","has-post-thumbnail","hentry","category-empreendedorismo","tag-empreendedorismo","tag-gestao-empresarial","tag-pequenas-empresas","tag-planejamento-estrategico"],"yoast_head":"<!-- This site is optimized with the Yoast SEO plugin v23.8 - https:\/\/yoast.com\/wordpress\/plugins\/seo\/ -->\n<title>Planejamento Estrat\u00e9gico: O Mapa para um Crescimento Sustent\u00e1vel | Diana Pacheco<\/title>\n<meta name=\"description\" content=\"Aprenda como fazer planejamento estrat\u00e9gico para pequenas empresas.\" \/>\n<meta name=\"robots\" content=\"index, follow, max-snippet:-1, max-image-preview:large, max-video-preview:-1\" \/>\n<link rel=\"canonical\" href=\"https:\/\/dianapacheco.com.br\/blog\/planejamento-estrategico-o-mapa-para-um-crescimento-sustentavel\/\" \/>\n<meta property=\"og:locale\" content=\"pt_BR\" \/>\n<meta property=\"og:type\" content=\"article\" \/>\n<meta property=\"og:title\" content=\"Planejamento Estrat\u00e9gico: O Mapa para um Crescimento Sustent\u00e1vel | Diana Pacheco\" \/>\n<meta property=\"og:description\" content=\"Aprenda como fazer planejamento estrat\u00e9gico para pequenas empresas.\" \/>\n<meta property=\"og:url\" content=\"https:\/\/dianapacheco.com.br\/blog\/planejamento-estrategico-o-mapa-para-um-crescimento-sustentavel\/\" \/>\n<meta property=\"og:site_name\" content=\"Diana Pacheco\" \/>\n<meta property=\"article:published_time\" content=\"2026-02-01T22:43:29+00:00\" \/>\n<meta property=\"article:modified_time\" content=\"2026-02-01T22:43:31+00:00\" \/>\n<meta property=\"og:image\" content=\"https:\/\/dianapacheco.com.br\/blog\/wp-content\/uploads\/2026\/01\/Gemini_Generated_Image_pyix7ipyix7ipyix-e1769385726781.png\" \/>\n\t<meta property=\"og:image:width\" content=\"300\" \/>\n\t<meta property=\"og:image:height\" content=\"231\" \/>\n\t<meta property=\"og:image:type\" content=\"image\/png\" \/>\n<meta name=\"author\" content=\"s-admin\" \/>\n<meta name=\"twitter:card\" content=\"summary_large_image\" \/>\n<meta name=\"twitter:label1\" content=\"Escrito por\" \/>\n\t<meta name=\"twitter:data1\" content=\"s-admin\" \/>\n\t<meta name=\"twitter:label2\" content=\"Est. tempo de leitura\" \/>\n\t<meta name=\"twitter:data2\" content=\"4 minutos\" \/>\n<script type=\"application\/ld+json\" class=\"yoast-schema-graph\">{\"@context\":\"https:\/\/schema.org\",\"@graph\":[{\"@type\":\"WebPage\",\"@id\":\"https:\/\/dianapacheco.com.br\/blog\/planejamento-estrategico-o-mapa-para-um-crescimento-sustentavel\/\",\"url\":\"https:\/\/dianapacheco.com.br\/blog\/planejamento-estrategico-o-mapa-para-um-crescimento-sustentavel\/\",\"name\":\"Planejamento Estrat\u00e9gico: O Mapa para um Crescimento Sustent\u00e1vel | Diana Pacheco\",\"isPartOf\":{\"@id\":\"https:\/\/dianapacheco.com.br\/blog\/#website\"},\"primaryImageOfPage\":{\"@id\":\"https:\/\/dianapacheco.com.br\/blog\/planejamento-estrategico-o-mapa-para-um-crescimento-sustentavel\/#primaryimage\"},\"image\":{\"@id\":\"https:\/\/dianapacheco.com.br\/blog\/planejamento-estrategico-o-mapa-para-um-crescimento-sustentavel\/#primaryimage\"},\"thumbnailUrl\":\"https:\/\/dianapacheco.com.br\/blog\/wp-content\/uploads\/2026\/01\/Gemini_Generated_Image_pyix7ipyix7ipyix-e1769385726781.png\",\"datePublished\":\"2026-02-01T22:43:29+00:00\",\"dateModified\":\"2026-02-01T22:43:31+00:00\",\"author\":{\"@id\":\"https:\/\/dianapacheco.com.br\/blog\/#\/schema\/person\/97bf6b3fa6a56b83f8fe7cf4c1e2e1bb\"},\"description\":\"Aprenda como fazer planejamento estrat\u00e9gico para pequenas empresas.\",\"breadcrumb\":{\"@id\":\"https:\/\/dianapacheco.com.br\/blog\/planejamento-estrategico-o-mapa-para-um-crescimento-sustentavel\/#breadcrumb\"},\"inLanguage\":\"pt-BR\",\"potentialAction\":[{\"@type\":\"ReadAction\",\"target\":[\"https:\/\/dianapacheco.com.br\/blog\/planejamento-estrategico-o-mapa-para-um-crescimento-sustentavel\/\"]}]},{\"@type\":\"ImageObject\",\"inLanguage\":\"pt-BR\",\"@id\":\"https:\/\/dianapacheco.com.br\/blog\/planejamento-estrategico-o-mapa-para-um-crescimento-sustentavel\/#primaryimage\",\"url\":\"https:\/\/dianapacheco.com.br\/blog\/wp-content\/uploads\/2026\/01\/Gemini_Generated_Image_pyix7ipyix7ipyix-e1769385726781.png\",\"contentUrl\":\"https:\/\/dianapacheco.com.br\/blog\/wp-content\/uploads\/2026\/01\/Gemini_Generated_Image_pyix7ipyix7ipyix-e1769385726781.png\",\"width\":300,\"height\":231},{\"@type\":\"BreadcrumbList\",\"@id\":\"https:\/\/dianapacheco.com.br\/blog\/planejamento-estrategico-o-mapa-para-um-crescimento-sustentavel\/#breadcrumb\",\"itemListElement\":[{\"@type\":\"ListItem\",\"position\":1,\"name\":\"In\u00edcio\",\"item\":\"https:\/\/dianapacheco.com.br\/blog\/\"},{\"@type\":\"ListItem\",\"position\":2,\"name\":\"Planejamento Estrat\u00e9gico: O Mapa para um Crescimento Sustent\u00e1vel\"}]},{\"@type\":\"WebSite\",\"@id\":\"https:\/\/dianapacheco.com.br\/blog\/#website\",\"url\":\"https:\/\/dianapacheco.com.br\/blog\/\",\"name\":\"Diana Pacheco | Consultoria e Intelig\u00eancia Administrativa\",\"description\":\"Crescendo Organizando\",\"alternateName\":\"Diana Pacheco | Consultoria e Intelig\u00eancia Administrativa\",\"potentialAction\":[{\"@type\":\"SearchAction\",\"target\":{\"@type\":\"EntryPoint\",\"urlTemplate\":\"https:\/\/dianapacheco.com.br\/blog\/?s={search_term_string}\"},\"query-input\":{\"@type\":\"PropertyValueSpecification\",\"valueRequired\":true,\"valueName\":\"search_term_string\"}}],\"inLanguage\":\"pt-BR\"},{\"@type\":\"Person\",\"@id\":\"https:\/\/dianapacheco.com.br\/blog\/#\/schema\/person\/97bf6b3fa6a56b83f8fe7cf4c1e2e1bb\",\"name\":\"s-admin\",\"sameAs\":[\"https:\/\/dianapacheco.com.br\/blog\"],\"url\":\"https:\/\/dianapacheco.com.br\/blog\/author\/s-admin\/\"}]}<\/script>\n<!-- \/ Yoast SEO plugin. -->","yoast_head_json":{"title":"Planejamento Estrat\u00e9gico: O Mapa para um Crescimento Sustent\u00e1vel | Diana Pacheco","description":"Aprenda como fazer planejamento estrat\u00e9gico para pequenas empresas.","robots":{"index":"index","follow":"follow","max-snippet":"max-snippet:-1","max-image-preview":"max-image-preview:large","max-video-preview":"max-video-preview:-1"},"canonical":"https:\/\/dianapacheco.com.br\/blog\/planejamento-estrategico-o-mapa-para-um-crescimento-sustentavel\/","og_locale":"pt_BR","og_type":"article","og_title":"Planejamento Estrat\u00e9gico: O Mapa para um Crescimento Sustent\u00e1vel | Diana Pacheco","og_description":"Aprenda como fazer planejamento estrat\u00e9gico para pequenas empresas.","og_url":"https:\/\/dianapacheco.com.br\/blog\/planejamento-estrategico-o-mapa-para-um-crescimento-sustentavel\/","og_site_name":"Diana Pacheco","article_published_time":"2026-02-01T22:43:29+00:00","article_modified_time":"2026-02-01T22:43:31+00:00","og_image":[{"width":300,"height":231,"url":"https:\/\/dianapacheco.com.br\/blog\/wp-content\/uploads\/2026\/01\/Gemini_Generated_Image_pyix7ipyix7ipyix-e1769385726781.png","type":"image\/png"}],"author":"s-admin","twitter_card":"summary_large_image","twitter_misc":{"Escrito por":"s-admin","Est. tempo de leitura":"4 minutos"},"schema":{"@context":"https:\/\/schema.org","@graph":[{"@type":"WebPage","@id":"https:\/\/dianapacheco.com.br\/blog\/planejamento-estrategico-o-mapa-para-um-crescimento-sustentavel\/","url":"https:\/\/dianapacheco.com.br\/blog\/planejamento-estrategico-o-mapa-para-um-crescimento-sustentavel\/","name":"Planejamento Estrat\u00e9gico: O Mapa para um Crescimento Sustent\u00e1vel | Diana Pacheco","isPartOf":{"@id":"https:\/\/dianapacheco.com.br\/blog\/#website"},"primaryImageOfPage":{"@id":"https:\/\/dianapacheco.com.br\/blog\/planejamento-estrategico-o-mapa-para-um-crescimento-sustentavel\/#primaryimage"},"image":{"@id":"https:\/\/dianapacheco.com.br\/blog\/planejamento-estrategico-o-mapa-para-um-crescimento-sustentavel\/#primaryimage"},"thumbnailUrl":"https:\/\/dianapacheco.com.br\/blog\/wp-content\/uploads\/2026\/01\/Gemini_Generated_Image_pyix7ipyix7ipyix-e1769385726781.png","datePublished":"2026-02-01T22:43:29+00:00","dateModified":"2026-02-01T22:43:31+00:00","author":{"@id":"https:\/\/dianapacheco.com.br\/blog\/#\/schema\/person\/97bf6b3fa6a56b83f8fe7cf4c1e2e1bb"},"description":"Aprenda como fazer planejamento estrat\u00e9gico para pequenas empresas.","breadcrumb":{"@id":"https:\/\/dianapacheco.com.br\/blog\/planejamento-estrategico-o-mapa-para-um-crescimento-sustentavel\/#breadcrumb"},"inLanguage":"pt-BR","potentialAction":[{"@type":"ReadAction","target":["https:\/\/dianapacheco.com.br\/blog\/planejamento-estrategico-o-mapa-para-um-crescimento-sustentavel\/"]}]},{"@type":"ImageObject","inLanguage":"pt-BR","@id":"https:\/\/dianapacheco.com.br\/blog\/planejamento-estrategico-o-mapa-para-um-crescimento-sustentavel\/#primaryimage","url":"https:\/\/dianapacheco.com.br\/blog\/wp-content\/uploads\/2026\/01\/Gemini_Generated_Image_pyix7ipyix7ipyix-e1769385726781.png","contentUrl":"https:\/\/dianapacheco.com.br\/blog\/wp-content\/uploads\/2026\/01\/Gemini_Generated_Image_pyix7ipyix7ipyix-e1769385726781.png","width":300,"height":231},{"@type":"BreadcrumbList","@id":"https:\/\/dianapacheco.com.br\/blog\/planejamento-estrategico-o-mapa-para-um-crescimento-sustentavel\/#breadcrumb","itemListElement":[{"@type":"ListItem","position":1,"name":"In\u00edcio","item":"https:\/\/dianapacheco.com.br\/blog\/"},{"@type":"ListItem","position":2,"name":"Planejamento Estrat\u00e9gico: O Mapa para um Crescimento Sustent\u00e1vel"}]},{"@type":"WebSite","@id":"https:\/\/dianapacheco.com.br\/blog\/#website","url":"https:\/\/dianapacheco.com.br\/blog\/","name":"Diana Pacheco | Consultoria e Intelig\u00eancia Administrativa","description":"Crescendo Organizando","alternateName":"Diana Pacheco | Consultoria e Intelig\u00eancia Administrativa","potentialAction":[{"@type":"SearchAction","target":{"@type":"EntryPoint","urlTemplate":"https:\/\/dianapacheco.com.br\/blog\/?s={search_term_string}"},"query-input":{"@type":"PropertyValueSpecification","valueRequired":true,"valueName":"search_term_string"}}],"inLanguage":"pt-BR"},{"@type":"Person","@id":"https:\/\/dianapacheco.com.br\/blog\/#\/schema\/person\/97bf6b3fa6a56b83f8fe7cf4c1e2e1bb","name":"s-admin","sameAs":["https:\/\/dianapacheco.com.br\/blog"],"url":"https:\/\/dianapacheco.com.br\/blog\/author\/s-admin\/"}]}},"_links":{"self":[{"href":"https:\/\/dianapacheco.com.br\/blog\/wp-json\/wp\/v2\/posts\/1762","targetHints":{"allow":["GET"]}}],"collection":[{"href":"https:\/\/dianapacheco.com.br\/blog\/wp-json\/wp\/v2\/posts"}],"about":[{"href":"https:\/\/dianapacheco.com.br\/blog\/wp-json\/wp\/v2\/types\/post"}],"author":[{"embeddable":true,"href":"https:\/\/dianapacheco.com.br\/blog\/wp-json\/wp\/v2\/users\/1"}],"replies":[{"embeddable":true,"href":"https:\/\/dianapacheco.com.br\/blog\/wp-json\/wp\/v2\/comments?post=1762"}],"version-history":[{"count":3,"href":"https:\/\/dianapacheco.com.br\/blog\/wp-json\/wp\/v2\/posts\/1762\/revisions"}],"predecessor-version":[{"id":1795,"href":"https:\/\/dianapacheco.com.br\/blog\/wp-json\/wp\/v2\/posts\/1762\/revisions\/1795"}],"wp:featuredmedia":[{"embeddable":true,"href":"https:\/\/dianapacheco.com.br\/blog\/wp-json\/wp\/v2\/media\/1770"}],"wp:attachment":[{"href":"https:\/\/dianapacheco.com.br\/blog\/wp-json\/wp\/v2\/media?parent=1762"}],"wp:term":[{"taxonomy":"category","embeddable":true,"href":"https:\/\/dianapacheco.com.br\/blog\/wp-json\/wp\/v2\/categories?post=1762"},{"taxonomy":"post_tag","embeddable":true,"href":"https:\/\/dianapacheco.com.br\/blog\/wp-json\/wp\/v2\/tags?post=1762"}],"curies":[{"name":"wp","href":"https:\/\/api.w.org\/{rel}","templated":true}]}}