{"id":1548,"date":"2025-03-30T08:00:00","date_gmt":"2025-03-30T11:00:00","guid":{"rendered":"https:\/\/dianapacheco.com.br\/blog\/?p=1548"},"modified":"2025-08-31T09:17:15","modified_gmt":"2025-08-31T12:17:15","slug":"analise-critica-o-momento-de-avaliar-e-realinhar","status":"publish","type":"post","link":"https:\/\/dianapacheco.com.br\/blog\/analise-critica-o-momento-de-avaliar-e-realinhar\/","title":{"rendered":"An\u00e1lise Cr\u00edtica: O Momento de Avaliar e Realinhar"},"content":{"rendered":"\n<p>Todos os pontos abordados dentro do tema Qualidade at\u00e9 aqui s\u00e3o muito importantes para o sucesso da implementa\u00e7\u00e3o do Sistema de Gest\u00e3o da Qualidade (SGQ). Mas hoje, vamos explorar uma etapa fundamental que avalia o sistema de forma abrangente: a an\u00e1lise cr\u00edtica da Dire\u00e7\u00e3o. Esta pr\u00e1tica pode transformar significativamente a efic\u00e1cia do seu SGQ, melhorar a tomada de decis\u00f5es e aumentar os resultados do seu neg\u00f3cio.<\/p>\n\n\n\n<h2 class=\"wp-block-heading\"><strong>O que \u00e9 a An\u00e1lise Cr\u00edtica do SGQ?<\/strong><\/h2>\n\n\n\n<p>A an\u00e1lise cr\u00edtica \u00e9 uma avalia\u00e7\u00e3o formal e peri\u00f3dica do sistema de gest\u00e3o da qualidade, realizada pela alta dire\u00e7\u00e3o. \u00c9 o momento de &#8220;tirar o retrato&#8221; do sistema, verificar se o que foi definido anteriormente est\u00e1 atendendo aos objetivos estabelecidos e, se necess\u00e1rio, tomar decis\u00f5es estrat\u00e9gicas para melhor\u00e1-lo, &#8220;realinhando a rota&#8221;.<\/p>\n\n\n\n<h2 class=\"wp-block-heading\"><strong>Quando Deve Acontecer a An\u00e1lise Cr\u00edtica da Qualidade?<\/strong><\/h2>\n\n\n<div class=\"wp-block-image is-style-rounded\">\n<figure class=\"alignleft size-full is-resized\"><img fetchpriority=\"high\" decoding=\"async\" width=\"300\" height=\"300\" src=\"https:\/\/dianapacheco.com.br\/blog\/wp-content\/uploads\/2025\/03\/DALL\u00b7E-2025-03-29-13.57.02-A-modern-and-professional-pastel-colored-illustration-representing-the-follow-up-and-documentation-of-a-management-meeting.-The-scene-includes-a-wall--e1743268442235.webp\" alt=\"\" class=\"wp-image-1565\" style=\"width:284px;height:auto\"\/><\/figure>\n<\/div>\n\n\n<p>A frequ\u00eancia dessa an\u00e1lise cr\u00edtica do sistema de qualidade varia conforme o tamanho e a complexidade da empresa, mas existem algumas pr\u00e1ticas recomendadas:<\/p>\n\n\n\n<ul class=\"wp-block-list\">\n<li><strong>Para empresas em fase inicial do SGQ<\/strong>: Trimestral ou quadrimestral<\/li>\n\n\n\n<li><strong>Para sistemas j\u00e1 consolidados<\/strong>: Semestral ou anual<\/li>\n\n\n\n<li><strong>Em momentos de grandes mudan\u00e7as<\/strong>: An\u00e1lises extraordin\u00e1rias podem ser necess\u00e1rias quando h\u00e1 mudan\u00e7as significativas na empresa, no mercado ou na legisla\u00e7\u00e3o<\/li>\n<\/ul>\n\n\n\n<p>\u00c9 fundamental que seja estabelecido um calend\u00e1rio fixo para garantir que as reuni\u00f5es de an\u00e1lise cr\u00edtica n\u00e3o sejam constantemente adiadas ou esquecidas.<\/p>\n\n\n\n<h2 class=\"wp-block-heading\"><strong>Quem Deve Participar da An\u00e1lise Cr\u00edtica da Qualidade?<\/strong><\/h2>\n\n\n\n<p>A composi\u00e7\u00e3o ideal de uma reuni\u00e3o de an\u00e1lise cr\u00edtica do sistema de gest\u00e3o inclui:<\/p>\n\n\n\n<ol class=\"wp-block-list\">\n<li><strong>Obrigatoriamente<\/strong>:\n<ul class=\"wp-block-list\">\n<li>Alta dire\u00e7\u00e3o (presidente, diretores, gerentes seniores)<\/li>\n\n\n\n<li>Respons\u00e1vel pelo sistema de gest\u00e3o da qualidade<\/li>\n<\/ul>\n<\/li>\n\n\n\n<li><strong>Recomendado<\/strong>:\n<ul class=\"wp-block-list\">\n<li>Gestores das principais \u00e1reas afetadas pelo SGQ<\/li>\n\n\n\n<li>Especialistas t\u00e9cnicos para t\u00f3picos espec\u00edficos<\/li>\n<\/ul>\n<\/li>\n\n\n\n<li><strong>Ocasionalmente<\/strong>:\n<ul class=\"wp-block-list\">\n<li>Auditores internos<\/li>\n\n\n\n<li>Pessoas-chave envolvidas em projetos de melhoria<\/li>\n\n\n\n<li>Representantes de clientes (em casos espec\u00edficos)<\/li>\n<\/ul>\n<\/li>\n<\/ol>\n\n\n\n<h2 class=\"wp-block-heading\"><strong>Como Deve Acontecer a An\u00e1lise Cr\u00edtica do Sistema?<\/strong><\/h2>\n\n\n\n<p>O processo de an\u00e1lise cr\u00edtica geralmente segue estas etapas:<\/p>\n\n\n<div class=\"wp-block-image is-style-rounded\">\n<figure class=\"alignright size-full\"><img decoding=\"async\" width=\"300\" height=\"300\" src=\"https:\/\/dianapacheco.com.br\/blog\/wp-content\/uploads\/2025\/03\/DALL\u00b7E-2025-03-29-13.51.06-A-professional-and-modern-illustration-in-pastel-tones-representing-a-strategic-meeting-in-a-corporate-environment.-The-scene-shows-a-group-of-diverse-e1743268998630.webp\" alt=\"\" class=\"wp-image-1567\"\/><\/figure>\n<\/div>\n\n\n<ol class=\"wp-block-list\">\n<li><strong>Prepara\u00e7\u00e3o &#8211;<\/strong> Deve ser feita uma organiza\u00e7\u00e3o das informa\u00e7\u00f5es a serem analisadas na reuni\u00e3o, coletando os dados e indicadores, consolidando as informa\u00e7\u00f5es em um relat\u00f3rio pr\u00e9vio, al\u00e9m de distribuir a pauta e material para revis\u00e3o antecipada.<\/li>\n\n\n\n<li><strong>Reuni\u00e3o de An\u00e1lise &#8211;<\/strong> Durante a reuni\u00e3o ser\u00e1 feita a apresenta\u00e7\u00e3o dos dados coletados, a discuss\u00e3o dos resultados versus objetivos, a identifica\u00e7\u00e3o de tend\u00eancias e oportunidades e algumas tomadas de decis\u00f5es.<\/li>\n\n\n\n<li><strong>Documenta\u00e7\u00e3o e Acompanhamento<\/strong> &#8211; As sa\u00eddas da reuni\u00e3o devem contemplar o registro formal das decis\u00f5es e responsabilidades, a defini\u00e7\u00e3o de prazos para implementa\u00e7\u00e3o e o monitoramento das a\u00e7\u00f5es definidas.<\/li>\n<\/ol>\n\n\n\n<p>\u00c9 importante entender que a an\u00e1lise cr\u00edtica da qualidade n\u00e3o deve ser uma simples apresenta\u00e7\u00e3o de dados. \u00c9 fundamental que haja debate real e tomada de decis\u00f5es efetivas para a melhoria do sistema.<\/p>\n\n\n\n<h2 class=\"wp-block-heading\"><strong>O Que Deve Ser Analisado na Reuni\u00e3o de An\u00e1lise Cr\u00edtica?<\/strong><\/h2>\n\n\n\n<p>Uma an\u00e1lise cr\u00edtica completa deve abordar, no m\u00ednimo, os seguintes pontos:<\/p>\n\n\n\n<ol class=\"wp-block-list\">\n<li><strong>Entradas para An\u00e1lise Cr\u00edtica<\/strong>\n<ul class=\"wp-block-list\">\n<li>Resultado das auditorias internas e externas<\/li>\n\n\n\n<li>Feedback de clientes (satisfa\u00e7\u00e3o, reclama\u00e7\u00f5es, sugest\u00f5es)<\/li>\n\n\n\n<li>Desempenho dos processos e conformidade dos produtos\/servi\u00e7os<\/li>\n\n\n\n<li>Situa\u00e7\u00e3o das a\u00e7\u00f5es corretivas e preventivas<\/li>\n\n\n\n<li>Acompanhamento das a\u00e7\u00f5es de an\u00e1lises cr\u00edticas anteriores<\/li>\n\n\n\n<li>Mudan\u00e7as que possam afetar o SGQ<\/li>\n\n\n\n<li>Recomenda\u00e7\u00f5es para melhoria<\/li>\n<\/ul>\n<\/li>\n\n\n\n<li><strong>Sa\u00eddas da An\u00e1lise Cr\u00edtica<\/strong>\n<ul class=\"wp-block-list\">\n<li>Decis\u00f5es e a\u00e7\u00f5es relacionadas \u00e0 melhoria do SGQ<\/li>\n\n\n\n<li>Melhoria do produto\/servi\u00e7o em rela\u00e7\u00e3o aos requisitos do cliente<\/li>\n\n\n\n<li>Necessidades de recursos<\/li>\n\n\n\n<li>Revis\u00e3o da pol\u00edtica e objetivos da qualidade, se necess\u00e1rio<\/li>\n<\/ul>\n<\/li>\n<\/ol>\n\n\n\n<h2 class=\"wp-block-heading\"><strong>Independente da Certifica\u00e7\u00e3o<\/strong><\/h2>\n\n\n\n<p>A an\u00e1lise cr\u00edtica n\u00e3o \u00e9 apenas uma exig\u00eancia de normas como a ISO 9001. Independente da certifica\u00e7\u00e3o, \u00e9 uma poderosa ferramenta de gest\u00e3o que conecta o sistema da qualidade \u00e0 estrat\u00e9gia do neg\u00f3cio. Quando bem conduzida, a an\u00e1lise cr\u00edtica transforma dados em decis\u00f5es e decis\u00f5es em resultados mensur\u00e1veis que impactam diretamente a competitividade da sua empresa.<\/p>\n\n\n\n<p>E voc\u00ea, tem realizado as an\u00e1lises cr\u00edticas na sua empresa? Quais desafios e benef\u00edcios tem encontrado? Compartilhe suas experi\u00eancias nos coment\u00e1rios!<\/p>\n","protected":false},"excerpt":{"rendered":"<p>Todos os pontos abordados dentro do tema Qualidade at\u00e9 aqui s\u00e3o muito importantes para o sucesso da implementa\u00e7\u00e3o do Sistema &#8230; <a class=\"cz_readmore cz_readmore_no_icon\" href=\"https:\/\/dianapacheco.com.br\/blog\/analise-critica-o-momento-de-avaliar-e-realinhar\/\"><span>Leia Mais<\/span><\/a><\/p>\n","protected":false},"author":1,"featured_media":1566,"comment_status":"open","ping_status":"closed","sticky":false,"template":"","format":"standard","meta":{"footnotes":""},"categories":[93],"tags":[155,192,190,191],"class_list":["post-1548","post","type-post","status-publish","format-standard","has-post-thumbnail","hentry","category-qualidade","tag-gestao-da-qualidade","tag-analise-critica","tag-avaliacao-sgq","tag-tomada-de-decisao"],"yoast_head":"<!-- This site is optimized with the Yoast SEO plugin v23.8 - https:\/\/yoast.com\/wordpress\/plugins\/seo\/ -->\n<title>An\u00e1lise Cr\u00edtica: O Momento de Avaliar e Realinhar | Diana Pacheco<\/title>\n<meta name=\"description\" content=\"Aprenda como implementar uma an\u00e1lise cr\u00edtica eficaz do sistema de gest\u00e3o da qualidade: periodicidade ideal, participantes, metodologia e pontos essenciais para avalia\u00e7\u00e3o.\" \/>\n<meta name=\"robots\" content=\"index, follow, max-snippet:-1, max-image-preview:large, max-video-preview:-1\" \/>\n<link rel=\"canonical\" href=\"https:\/\/dianapacheco.com.br\/blog\/analise-critica-o-momento-de-avaliar-e-realinhar\/\" \/>\n<meta property=\"og:locale\" content=\"pt_BR\" \/>\n<meta property=\"og:type\" content=\"article\" \/>\n<meta property=\"og:title\" content=\"An\u00e1lise Cr\u00edtica: O Momento de Avaliar e Realinhar | Diana Pacheco\" \/>\n<meta property=\"og:description\" content=\"Aprenda como implementar uma an\u00e1lise cr\u00edtica eficaz do sistema de gest\u00e3o da qualidade: periodicidade ideal, participantes, metodologia e pontos essenciais para avalia\u00e7\u00e3o.\" \/>\n<meta property=\"og:url\" content=\"https:\/\/dianapacheco.com.br\/blog\/analise-critica-o-momento-de-avaliar-e-realinhar\/\" \/>\n<meta property=\"og:site_name\" content=\"Diana Pacheco\" \/>\n<meta property=\"article:published_time\" content=\"2025-03-30T11:00:00+00:00\" \/>\n<meta property=\"article:modified_time\" content=\"2025-08-31T12:17:15+00:00\" \/>\n<meta property=\"og:image\" content=\"https:\/\/dianapacheco.com.br\/blog\/wp-content\/uploads\/2025\/03\/DALL\u00b7E-2025-03-29-13.51.20-A-modern-and-professional-illustration-in-pastel-colors-showing-a-team-of-business-professionals-around-a-large-dashboard-screen-analyzing-quality-sys-e1743267643366.webp\" \/>\n\t<meta property=\"og:image:width\" content=\"300\" \/>\n\t<meta property=\"og:image:height\" content=\"300\" \/>\n\t<meta property=\"og:image:type\" content=\"image\/webp\" \/>\n<meta name=\"author\" content=\"s-admin\" \/>\n<meta name=\"twitter:card\" content=\"summary_large_image\" \/>\n<meta name=\"twitter:label1\" content=\"Escrito por\" \/>\n\t<meta name=\"twitter:data1\" content=\"s-admin\" \/>\n\t<meta name=\"twitter:label2\" content=\"Est. tempo de leitura\" \/>\n\t<meta name=\"twitter:data2\" content=\"4 minutos\" \/>\n<script type=\"application\/ld+json\" class=\"yoast-schema-graph\">{\"@context\":\"https:\/\/schema.org\",\"@graph\":[{\"@type\":\"WebPage\",\"@id\":\"https:\/\/dianapacheco.com.br\/blog\/analise-critica-o-momento-de-avaliar-e-realinhar\/\",\"url\":\"https:\/\/dianapacheco.com.br\/blog\/analise-critica-o-momento-de-avaliar-e-realinhar\/\",\"name\":\"An\u00e1lise Cr\u00edtica: O Momento de Avaliar e Realinhar | Diana Pacheco\",\"isPartOf\":{\"@id\":\"https:\/\/dianapacheco.com.br\/blog\/#website\"},\"primaryImageOfPage\":{\"@id\":\"https:\/\/dianapacheco.com.br\/blog\/analise-critica-o-momento-de-avaliar-e-realinhar\/#primaryimage\"},\"image\":{\"@id\":\"https:\/\/dianapacheco.com.br\/blog\/analise-critica-o-momento-de-avaliar-e-realinhar\/#primaryimage\"},\"thumbnailUrl\":\"https:\/\/dianapacheco.com.br\/blog\/wp-content\/uploads\/2025\/03\/DALL\u00b7E-2025-03-29-13.51.20-A-modern-and-professional-illustration-in-pastel-colors-showing-a-team-of-business-professionals-around-a-large-dashboard-screen-analyzing-quality-sys-e1743267643366.webp\",\"datePublished\":\"2025-03-30T11:00:00+00:00\",\"dateModified\":\"2025-08-31T12:17:15+00:00\",\"author\":{\"@id\":\"https:\/\/dianapacheco.com.br\/blog\/#\/schema\/person\/97bf6b3fa6a56b83f8fe7cf4c1e2e1bb\"},\"description\":\"Aprenda como implementar uma an\u00e1lise cr\u00edtica eficaz do sistema de gest\u00e3o da qualidade: periodicidade ideal, participantes, metodologia e pontos essenciais para avalia\u00e7\u00e3o.\",\"breadcrumb\":{\"@id\":\"https:\/\/dianapacheco.com.br\/blog\/analise-critica-o-momento-de-avaliar-e-realinhar\/#breadcrumb\"},\"inLanguage\":\"pt-BR\",\"potentialAction\":[{\"@type\":\"ReadAction\",\"target\":[\"https:\/\/dianapacheco.com.br\/blog\/analise-critica-o-momento-de-avaliar-e-realinhar\/\"]}]},{\"@type\":\"ImageObject\",\"inLanguage\":\"pt-BR\",\"@id\":\"https:\/\/dianapacheco.com.br\/blog\/analise-critica-o-momento-de-avaliar-e-realinhar\/#primaryimage\",\"url\":\"https:\/\/dianapacheco.com.br\/blog\/wp-content\/uploads\/2025\/03\/DALL\u00b7E-2025-03-29-13.51.20-A-modern-and-professional-illustration-in-pastel-colors-showing-a-team-of-business-professionals-around-a-large-dashboard-screen-analyzing-quality-sys-e1743267643366.webp\",\"contentUrl\":\"https:\/\/dianapacheco.com.br\/blog\/wp-content\/uploads\/2025\/03\/DALL\u00b7E-2025-03-29-13.51.20-A-modern-and-professional-illustration-in-pastel-colors-showing-a-team-of-business-professionals-around-a-large-dashboard-screen-analyzing-quality-sys-e1743267643366.webp\",\"width\":300,\"height\":300},{\"@type\":\"BreadcrumbList\",\"@id\":\"https:\/\/dianapacheco.com.br\/blog\/analise-critica-o-momento-de-avaliar-e-realinhar\/#breadcrumb\",\"itemListElement\":[{\"@type\":\"ListItem\",\"position\":1,\"name\":\"In\u00edcio\",\"item\":\"https:\/\/dianapacheco.com.br\/blog\/\"},{\"@type\":\"ListItem\",\"position\":2,\"name\":\"An\u00e1lise Cr\u00edtica: O Momento de Avaliar e Realinhar\"}]},{\"@type\":\"WebSite\",\"@id\":\"https:\/\/dianapacheco.com.br\/blog\/#website\",\"url\":\"https:\/\/dianapacheco.com.br\/blog\/\",\"name\":\"Diana Pacheco | Consultoria e Intelig\u00eancia Administrativa\",\"description\":\"Crescendo Organizando\",\"alternateName\":\"Diana Pacheco | Consultoria e Intelig\u00eancia Administrativa\",\"potentialAction\":[{\"@type\":\"SearchAction\",\"target\":{\"@type\":\"EntryPoint\",\"urlTemplate\":\"https:\/\/dianapacheco.com.br\/blog\/?s={search_term_string}\"},\"query-input\":{\"@type\":\"PropertyValueSpecification\",\"valueRequired\":true,\"valueName\":\"search_term_string\"}}],\"inLanguage\":\"pt-BR\"},{\"@type\":\"Person\",\"@id\":\"https:\/\/dianapacheco.com.br\/blog\/#\/schema\/person\/97bf6b3fa6a56b83f8fe7cf4c1e2e1bb\",\"name\":\"s-admin\",\"sameAs\":[\"https:\/\/dianapacheco.com.br\/blog\"],\"url\":\"https:\/\/dianapacheco.com.br\/blog\/author\/s-admin\/\"}]}<\/script>\n<!-- \/ Yoast SEO plugin. -->","yoast_head_json":{"title":"An\u00e1lise Cr\u00edtica: O Momento de Avaliar e Realinhar | Diana Pacheco","description":"Aprenda como implementar uma an\u00e1lise cr\u00edtica eficaz do sistema de gest\u00e3o da qualidade: periodicidade ideal, participantes, metodologia e pontos essenciais para avalia\u00e7\u00e3o.","robots":{"index":"index","follow":"follow","max-snippet":"max-snippet:-1","max-image-preview":"max-image-preview:large","max-video-preview":"max-video-preview:-1"},"canonical":"https:\/\/dianapacheco.com.br\/blog\/analise-critica-o-momento-de-avaliar-e-realinhar\/","og_locale":"pt_BR","og_type":"article","og_title":"An\u00e1lise Cr\u00edtica: O Momento de Avaliar e Realinhar | Diana Pacheco","og_description":"Aprenda como implementar uma an\u00e1lise cr\u00edtica eficaz do sistema de gest\u00e3o da qualidade: periodicidade ideal, participantes, metodologia e pontos essenciais para avalia\u00e7\u00e3o.","og_url":"https:\/\/dianapacheco.com.br\/blog\/analise-critica-o-momento-de-avaliar-e-realinhar\/","og_site_name":"Diana Pacheco","article_published_time":"2025-03-30T11:00:00+00:00","article_modified_time":"2025-08-31T12:17:15+00:00","og_image":[{"width":300,"height":300,"url":"https:\/\/dianapacheco.com.br\/blog\/wp-content\/uploads\/2025\/03\/DALL\u00b7E-2025-03-29-13.51.20-A-modern-and-professional-illustration-in-pastel-colors-showing-a-team-of-business-professionals-around-a-large-dashboard-screen-analyzing-quality-sys-e1743267643366.webp","type":"image\/webp"}],"author":"s-admin","twitter_card":"summary_large_image","twitter_misc":{"Escrito por":"s-admin","Est. tempo de leitura":"4 minutos"},"schema":{"@context":"https:\/\/schema.org","@graph":[{"@type":"WebPage","@id":"https:\/\/dianapacheco.com.br\/blog\/analise-critica-o-momento-de-avaliar-e-realinhar\/","url":"https:\/\/dianapacheco.com.br\/blog\/analise-critica-o-momento-de-avaliar-e-realinhar\/","name":"An\u00e1lise Cr\u00edtica: O Momento de Avaliar e Realinhar | Diana Pacheco","isPartOf":{"@id":"https:\/\/dianapacheco.com.br\/blog\/#website"},"primaryImageOfPage":{"@id":"https:\/\/dianapacheco.com.br\/blog\/analise-critica-o-momento-de-avaliar-e-realinhar\/#primaryimage"},"image":{"@id":"https:\/\/dianapacheco.com.br\/blog\/analise-critica-o-momento-de-avaliar-e-realinhar\/#primaryimage"},"thumbnailUrl":"https:\/\/dianapacheco.com.br\/blog\/wp-content\/uploads\/2025\/03\/DALL\u00b7E-2025-03-29-13.51.20-A-modern-and-professional-illustration-in-pastel-colors-showing-a-team-of-business-professionals-around-a-large-dashboard-screen-analyzing-quality-sys-e1743267643366.webp","datePublished":"2025-03-30T11:00:00+00:00","dateModified":"2025-08-31T12:17:15+00:00","author":{"@id":"https:\/\/dianapacheco.com.br\/blog\/#\/schema\/person\/97bf6b3fa6a56b83f8fe7cf4c1e2e1bb"},"description":"Aprenda como implementar uma an\u00e1lise cr\u00edtica eficaz do sistema de gest\u00e3o da qualidade: periodicidade ideal, participantes, metodologia e pontos essenciais para avalia\u00e7\u00e3o.","breadcrumb":{"@id":"https:\/\/dianapacheco.com.br\/blog\/analise-critica-o-momento-de-avaliar-e-realinhar\/#breadcrumb"},"inLanguage":"pt-BR","potentialAction":[{"@type":"ReadAction","target":["https:\/\/dianapacheco.com.br\/blog\/analise-critica-o-momento-de-avaliar-e-realinhar\/"]}]},{"@type":"ImageObject","inLanguage":"pt-BR","@id":"https:\/\/dianapacheco.com.br\/blog\/analise-critica-o-momento-de-avaliar-e-realinhar\/#primaryimage","url":"https:\/\/dianapacheco.com.br\/blog\/wp-content\/uploads\/2025\/03\/DALL\u00b7E-2025-03-29-13.51.20-A-modern-and-professional-illustration-in-pastel-colors-showing-a-team-of-business-professionals-around-a-large-dashboard-screen-analyzing-quality-sys-e1743267643366.webp","contentUrl":"https:\/\/dianapacheco.com.br\/blog\/wp-content\/uploads\/2025\/03\/DALL\u00b7E-2025-03-29-13.51.20-A-modern-and-professional-illustration-in-pastel-colors-showing-a-team-of-business-professionals-around-a-large-dashboard-screen-analyzing-quality-sys-e1743267643366.webp","width":300,"height":300},{"@type":"BreadcrumbList","@id":"https:\/\/dianapacheco.com.br\/blog\/analise-critica-o-momento-de-avaliar-e-realinhar\/#breadcrumb","itemListElement":[{"@type":"ListItem","position":1,"name":"In\u00edcio","item":"https:\/\/dianapacheco.com.br\/blog\/"},{"@type":"ListItem","position":2,"name":"An\u00e1lise Cr\u00edtica: O Momento de Avaliar e Realinhar"}]},{"@type":"WebSite","@id":"https:\/\/dianapacheco.com.br\/blog\/#website","url":"https:\/\/dianapacheco.com.br\/blog\/","name":"Diana Pacheco | Consultoria e Intelig\u00eancia Administrativa","description":"Crescendo Organizando","alternateName":"Diana Pacheco | Consultoria e Intelig\u00eancia Administrativa","potentialAction":[{"@type":"SearchAction","target":{"@type":"EntryPoint","urlTemplate":"https:\/\/dianapacheco.com.br\/blog\/?s={search_term_string}"},"query-input":{"@type":"PropertyValueSpecification","valueRequired":true,"valueName":"search_term_string"}}],"inLanguage":"pt-BR"},{"@type":"Person","@id":"https:\/\/dianapacheco.com.br\/blog\/#\/schema\/person\/97bf6b3fa6a56b83f8fe7cf4c1e2e1bb","name":"s-admin","sameAs":["https:\/\/dianapacheco.com.br\/blog"],"url":"https:\/\/dianapacheco.com.br\/blog\/author\/s-admin\/"}]}},"_links":{"self":[{"href":"https:\/\/dianapacheco.com.br\/blog\/wp-json\/wp\/v2\/posts\/1548","targetHints":{"allow":["GET"]}}],"collection":[{"href":"https:\/\/dianapacheco.com.br\/blog\/wp-json\/wp\/v2\/posts"}],"about":[{"href":"https:\/\/dianapacheco.com.br\/blog\/wp-json\/wp\/v2\/types\/post"}],"author":[{"embeddable":true,"href":"https:\/\/dianapacheco.com.br\/blog\/wp-json\/wp\/v2\/users\/1"}],"replies":[{"embeddable":true,"href":"https:\/\/dianapacheco.com.br\/blog\/wp-json\/wp\/v2\/comments?post=1548"}],"version-history":[{"count":2,"href":"https:\/\/dianapacheco.com.br\/blog\/wp-json\/wp\/v2\/posts\/1548\/revisions"}],"predecessor-version":[{"id":1568,"href":"https:\/\/dianapacheco.com.br\/blog\/wp-json\/wp\/v2\/posts\/1548\/revisions\/1568"}],"wp:featuredmedia":[{"embeddable":true,"href":"https:\/\/dianapacheco.com.br\/blog\/wp-json\/wp\/v2\/media\/1566"}],"wp:attachment":[{"href":"https:\/\/dianapacheco.com.br\/blog\/wp-json\/wp\/v2\/media?parent=1548"}],"wp:term":[{"taxonomy":"category","embeddable":true,"href":"https:\/\/dianapacheco.com.br\/blog\/wp-json\/wp\/v2\/categories?post=1548"},{"taxonomy":"post_tag","embeddable":true,"href":"https:\/\/dianapacheco.com.br\/blog\/wp-json\/wp\/v2\/tags?post=1548"}],"curies":[{"name":"wp","href":"https:\/\/api.w.org\/{rel}","templated":true}]}}