{"id":1307,"date":"2025-01-12T07:45:46","date_gmt":"2025-01-12T10:45:46","guid":{"rendered":"https:\/\/dianapacheco.com.br\/blog\/?p=1307"},"modified":"2025-01-12T09:50:46","modified_gmt":"2025-01-12T12:50:46","slug":"comece-o-ano-com-tudo-como-ser-mais-produtivo","status":"publish","type":"post","link":"https:\/\/dianapacheco.com.br\/blog\/comece-o-ano-com-tudo-como-ser-mais-produtivo\/","title":{"rendered":"Comece o Ano com Tudo: Como Ser Mais Produtivo"},"content":{"rendered":"\n<div class=\"wp-block-group is-vertical is-layout-flex wp-container-core-group-is-layout-8cf370e7 wp-block-group-is-layout-flex\">\n<h3 class=\"wp-block-heading\"><strong>Por que a Produtividade \u00e9 Importante?<\/strong><\/h3>\n\n\n\n<p>O in\u00edcio de um novo ano \u00e9 o momento perfeito para refletir sobre nossos objetivos e como podemos alcan\u00e7\u00e1-los de forma mais eficiente. Ser produtivo n\u00e3o significa trabalhar mais, mas sim trabalhar melhor, utilizando o tempo de forma inteligente. Neste post, vou compartilhar dicas pr\u00e1ticas e ferramentas que podem transformar sua rotina e aumentar sua produtividade.<\/p>\n<\/div>\n\n\n\n<div class=\"wp-block-group is-vertical is-layout-flex wp-container-core-group-is-layout-8cf370e7 wp-block-group-is-layout-flex\">\n<h3 class=\"wp-block-heading\"><strong>1. A Base da Produtividade: Organiza\u00e7\u00e3o e Prioridades<\/strong><\/h3>\n\n\n\n<div class=\"wp-block-group is-vertical is-layout-flex wp-container-core-group-is-layout-8cf370e7 wp-block-group-is-layout-flex\">\n<p>Antes de falarmos de ferramentas, \u00e9 importante estabelecer uma base s\u00f3lida. Para ser produtivo, voc\u00ea precisa de clareza sobre:<\/p>\n\n\n\n<ul class=\"wp-block-list\">\n<li><strong>Suas prioridades:<\/strong> Voc\u00ea pode usar a Matriz de Eisenhower (Urgente x Importante) para classificar suas tarefas.<\/li>\n\n\n\n<li><strong><a href=\"https:\/\/dianapacheco.com.br\/blog\/planejamento-financeiro-para-o-futuro-garantindo-seguranca-e-crescimento\/\">Metas claras<\/a>:<\/strong> Para estabelecer essa clareza, voc\u00ea pode trabalhar com metas SMART (Espec\u00edficas, Mensur\u00e1veis, Alcan\u00e7\u00e1veis, Relevantes, com prazo definido).<\/li>\n<\/ul>\n\n\n\n<p>\ud83d\udca1 <em><strong>Dica pr\u00e1tica:<\/strong> No in\u00edcio de cada semana, fa\u00e7a uma lista das 3 principais tarefas que voc\u00ea deve concluir. Concentre-se nelas antes de passar para outras.<\/em><\/p>\n<\/div>\n<\/div>\n\n\n\n<h3 class=\"wp-block-heading\"><strong>2. Ferramentas que Aumentam a Produtividade<\/strong><\/h3>\n\n\n\n<div class=\"wp-block-group is-vertical is-layout-flex wp-container-core-group-is-layout-8cf370e7 wp-block-group-is-layout-flex\">\n<p>Aqui est\u00e3o algumas ferramentas que podem ajudar a gerenciar melhor seu tempo, tarefas e energia:<\/p>\n\n\n\n<ul class=\"wp-block-list\">\n<li><strong>Para Gerenciamento de Tarefas:<\/strong>\n<ul class=\"wp-block-list\">\n<li><strong>Todoist:<\/strong> Organize suas tarefas por projetos e prazos.<\/li>\n\n\n\n<li><strong>Trello:<\/strong> Visualize suas tarefas em quadros kanban, ideal para equipes.<\/li>\n\n\n\n<li><strong>Microsoft To Do:<\/strong> Simples e integrado com outros produtos da Microsoft.<\/li>\n<\/ul>\n<\/li>\n\n\n\n<li><strong>Para Planejamento e Notas:<\/strong>\n<ul class=\"wp-block-list\">\n<li><strong>Notion:<\/strong> Uma ferramenta multifuncional para organizar projetos, criar calend\u00e1rios e muito mais. J\u00e1 falei v\u00e1rias vezes que \u00e9 meu queridinho.<\/li>\n\n\n\n<li><strong>Google Keep:<\/strong> Para notas r\u00e1pidas e lembretes sincronizados.<\/li>\n<\/ul>\n<\/li>\n\n\n\n<li><strong>Para Foco e Gerenciamento do Tempo:<\/strong>\n<ul class=\"wp-block-list\">\n<li><strong>Forest App:<\/strong> Ajuda a evitar distra\u00e7\u00f5es e manter o foco, plantando \u00e1rvores virtuais.<\/li>\n\n\n\n<li><strong>Pomodoro Timer:<\/strong> Use a t\u00e9cnica Pomodoro (25 minutos de trabalho focado + 5 minutos de descanso). Essa t\u00e9cnica funciona muito bem pra mim nas minhas atividades pessoais, assim consigo otimizar as minhas demandas no final de semana.<\/li>\n\n\n\n<li><strong>Toggl:<\/strong> Para um uso mais profissional, pode ser indicado o projeto e atividade que est\u00e1 sendo realizado. Tamb\u00e9m tem os alarmes para nos ajudar a migrar de uma atividade para outra.<\/li>\n<\/ul>\n<\/li>\n<\/ul>\n\n\n\n<p><em>\ud83d\udca1 <strong>Dica b\u00f4nus:<\/strong> Teste diferentes ferramentas antes de escolher a que melhor se adapta \u00e0 sua rotina.<\/em><\/p>\n<\/div>\n\n\n<div class=\"wp-block-image is-style-rounded\">\n<figure class=\"alignleft size-large is-resized\"><img fetchpriority=\"high\" decoding=\"async\" width=\"1024\" height=\"585\" src=\"https:\/\/dianapacheco.com.br\/blog\/wp-content\/uploads\/2025\/01\/young-businesswoman-planning-success-holding-adhesive-note-generated-by-ai-1024x585.jpg\" alt=\"\" class=\"wp-image-1406\" style=\"width:339px;height:auto\"\/><\/figure>\n<\/div>\n\n\n<h3 class=\"wp-block-heading\"><strong>3. H\u00e1bitos Produtivos para Incorporar<\/strong><\/h3>\n\n\n\n<p>Al\u00e9m das ferramentas, a produtividade est\u00e1 diretamente ligada aos seus h\u00e1bitos di\u00e1rios. Experimente:<\/p>\n\n\n\n<ul class=\"wp-block-list\">\n<li><strong>Planejar o dia na noite anterior:<\/strong> Isso reduz a procrastina\u00e7\u00e3o logo pela manh\u00e3.<\/li>\n\n\n\n<li><strong>Aplicar a regra dos 2 minutos:<\/strong> Se algo leva menos de 2 minutos para ser feito, fa\u00e7a agora.<\/li>\n\n\n\n<li><strong>Elimina\u00e7\u00e3o de distra\u00e7\u00f5es:<\/strong> Mantenha notifica\u00e7\u00f5es desligadas durante o trabalho.<\/li>\n<\/ul>\n\n\n\n<h3 class=\"wp-block-heading\"><strong>4. A Import\u00e2ncia do Descanso e da Gest\u00e3o de Energia<\/strong><\/h3>\n\n\n\n<div class=\"wp-block-group is-vertical is-layout-flex wp-container-core-group-is-layout-8cf370e7 wp-block-group-is-layout-flex\">\n<p>Produtividade n\u00e3o \u00e9 s\u00f3 sobre fazer mais. \u00c9 tamb\u00e9m sobre respeitar seus limites. Alguns h\u00e1bitos para manter sua energia em alta incluem:<\/p>\n\n\n\n<ul class=\"wp-block-list\">\n<li><strong>Dormir o suficiente:<\/strong> 7-8 horas de sono por noite s\u00e3o fundamentais.<\/li>\n\n\n\n<li><strong>Fazer pausas regulares:<\/strong> Trabalhar sem intervalos pode levar \u00e0 exaust\u00e3o. Use a t\u00e9cnica Pomodoro ou fa\u00e7a uma pausa a cada 90 minutos, por exemplo.<\/li>\n\n\n\n<li><strong>Praticar atividades f\u00edsicas:<\/strong> Exerc\u00edcios ajudam a clarear a mente e aumentar o foco.<\/li>\n<\/ul>\n<\/div>\n\n\n\n<h3 class=\"wp-block-heading\"><strong>5. Produtividade no Trabalho e na Vida Pessoal<\/strong><\/h3>\n\n\n\n<p>Encontre um equil\u00edbrio saud\u00e1vel entre trabalho e vida pessoal. Algumas dicas incluem:<\/p>\n\n\n<div class=\"wp-block-image is-style-rounded\">\n<figure class=\"alignright size-large is-resized\"><img decoding=\"async\" width=\"1024\" height=\"585\" src=\"https:\/\/dianapacheco.com.br\/blog\/wp-content\/uploads\/2020\/01\/img11-1024x585.jpg\" alt=\"\" class=\"wp-image-721\" style=\"width:361px;height:auto\" srcset=\"https:\/\/dianapacheco.com.br\/blog\/wp-content\/uploads\/2020\/01\/img11-1024x585.jpg 1024w, https:\/\/dianapacheco.com.br\/blog\/wp-content\/uploads\/2020\/01\/img11-300x171.jpg 300w, https:\/\/dianapacheco.com.br\/blog\/wp-content\/uploads\/2020\/01\/img11-768x439.jpg 768w, https:\/\/dianapacheco.com.br\/blog\/wp-content\/uploads\/2020\/01\/img11-600x343.jpg 600w, https:\/\/dianapacheco.com.br\/blog\/wp-content\/uploads\/2020\/01\/img11.jpg 1400w\" sizes=\"(max-width: 1024px) 100vw, 1024px\" \/><\/figure>\n<\/div>\n\n\n<ul class=\"wp-block-list\">\n<li><strong>Definir hor\u00e1rios claros para trabalho e lazer.<\/strong><\/li>\n\n\n\n<li><strong>Delegar tarefas:<\/strong> N\u00e3o tente fazer tudo sozinho. Aprenda a confiar em sua equipe ou parceiros.<\/li>\n\n\n\n<li><strong>Desconectar:<\/strong> Reserve um tempo para relaxar e atividades diferentes e dependendo, sem tecnologia.<\/li>\n<\/ul>\n\n\n\n<h3 class=\"wp-block-heading\"><strong>Produtividade \u00e9 Sobre Consist\u00eancia<\/strong><\/h3>\n\n\n\n<p>Comece com pequenas mudan\u00e7as e v\u00e1 ajustando \u00e0 medida que encontra o que funciona melhor para voc\u00ea. A verdadeira produtividade vem de a\u00e7\u00f5es consistentes, e n\u00e3o de mudan\u00e7as radicais. <a href=\"https:\/\/dianapacheco.com.br\/blog\/como-manter-a-consistencia-em-nossas-metas\/\">O importante \u00e9 n\u00e3o desistir<\/a>, porque os ajustes fazem parte do processo.<\/p>\n\n\n\n<p>E voc\u00ea, j\u00e1 tem suas estrat\u00e9gias para ser mais produtivo? Compartilhe nos coment\u00e1rios suas ferramentas e h\u00e1bitos favoritos! Se quiser saber mais sobre alguma ferramenta ou t\u00e9cnica mencionada, comenta aqui!<\/p>\n\n\n\n<p>Vamos trocar ideias e crescer juntos neste novo ano.<\/p>\n\n\n\n<form method=\"post\" action=\"https:\/\/systeme.io\/embedded\/25451338\/subscription\"> <input type=text name=email \/>\n<input type=text name=first_name \/>\n  <div class=\"f-row\">\n    <button type=\"submit\" class=\"btn\">Subscribe<\/button>\n  <\/div>\n  <\/form>\n\n\n\n<p><\/p>\n","protected":false},"excerpt":{"rendered":"<p>Por que a Produtividade \u00e9 Importante? O in\u00edcio de um novo ano \u00e9 o momento perfeito para refletir sobre nossos &#8230; <a class=\"cz_readmore cz_readmore_no_icon\" href=\"https:\/\/dianapacheco.com.br\/blog\/comece-o-ano-com-tudo-como-ser-mais-produtivo\/\"><span>Leia Mais<\/span><\/a><\/p>\n","protected":false},"author":1,"featured_media":1404,"comment_status":"open","ping_status":"open","sticky":false,"template":"","format":"standard","meta":{"footnotes":""},"categories":[94],"tags":[136,139,137,138],"class_list":["post-1307","post","type-post","status-publish","format-standard","has-post-thumbnail","hentry","category-produtividade","tag-ferramentas-de-produtividade","tag-ferramentas-digitais","tag-gestao-de-tempo","tag-habitos-produtivos"],"yoast_head":"<!-- This site is optimized with the Yoast SEO plugin v23.8 - https:\/\/yoast.com\/wordpress\/plugins\/seo\/ -->\n<title>Comece o Ano com Tudo: Como Ser Mais Produtivo | Diana Pacheco<\/title>\n<meta name=\"description\" content=\"Dicas pr\u00e1ticas de como aumentar sua produtividade, ferramentas essenciais e h\u00e1bitos eficientes. Aprenda a trabalhar de forma mais inteligente.\" \/>\n<meta name=\"robots\" content=\"index, follow, max-snippet:-1, max-image-preview:large, max-video-preview:-1\" \/>\n<link rel=\"canonical\" href=\"https:\/\/dianapacheco.com.br\/blog\/comece-o-ano-com-tudo-como-ser-mais-produtivo\/\" \/>\n<meta property=\"og:locale\" content=\"pt_BR\" \/>\n<meta property=\"og:type\" content=\"article\" \/>\n<meta property=\"og:title\" content=\"Comece o Ano com Tudo: Como Ser Mais Produtivo | Diana Pacheco\" \/>\n<meta property=\"og:description\" content=\"Dicas pr\u00e1ticas de como aumentar sua produtividade, ferramentas essenciais e h\u00e1bitos eficientes. Aprenda a trabalhar de forma mais inteligente.\" \/>\n<meta property=\"og:url\" content=\"https:\/\/dianapacheco.com.br\/blog\/comece-o-ano-com-tudo-como-ser-mais-produtivo\/\" \/>\n<meta property=\"og:site_name\" content=\"Diana Pacheco\" \/>\n<meta property=\"article:published_time\" content=\"2025-01-12T10:45:46+00:00\" \/>\n<meta property=\"article:modified_time\" content=\"2025-01-12T12:50:46+00:00\" \/>\n<meta property=\"og:image\" content=\"https:\/\/dianapacheco.com.br\/blog\/wp-content\/uploads\/2025\/01\/scenes-people-work-scaled-e1736677145643.jpg\" \/>\n\t<meta property=\"og:image:width\" content=\"300\" \/>\n\t<meta property=\"og:image:height\" content=\"205\" \/>\n\t<meta property=\"og:image:type\" content=\"image\/jpeg\" \/>\n<meta name=\"author\" content=\"s-admin\" \/>\n<meta name=\"twitter:card\" content=\"summary_large_image\" \/>\n<meta name=\"twitter:label1\" content=\"Escrito por\" \/>\n\t<meta name=\"twitter:data1\" content=\"s-admin\" \/>\n\t<meta name=\"twitter:label2\" content=\"Est. tempo de leitura\" \/>\n\t<meta name=\"twitter:data2\" content=\"5 minutos\" \/>\n<script type=\"application\/ld+json\" class=\"yoast-schema-graph\">{\"@context\":\"https:\/\/schema.org\",\"@graph\":[{\"@type\":\"WebPage\",\"@id\":\"https:\/\/dianapacheco.com.br\/blog\/comece-o-ano-com-tudo-como-ser-mais-produtivo\/\",\"url\":\"https:\/\/dianapacheco.com.br\/blog\/comece-o-ano-com-tudo-como-ser-mais-produtivo\/\",\"name\":\"Comece o Ano com Tudo: Como Ser Mais Produtivo | Diana Pacheco\",\"isPartOf\":{\"@id\":\"https:\/\/dianapacheco.com.br\/blog\/#website\"},\"primaryImageOfPage\":{\"@id\":\"https:\/\/dianapacheco.com.br\/blog\/comece-o-ano-com-tudo-como-ser-mais-produtivo\/#primaryimage\"},\"image\":{\"@id\":\"https:\/\/dianapacheco.com.br\/blog\/comece-o-ano-com-tudo-como-ser-mais-produtivo\/#primaryimage\"},\"thumbnailUrl\":\"https:\/\/dianapacheco.com.br\/blog\/wp-content\/uploads\/2025\/01\/scenes-people-work-scaled-e1736677145643.jpg\",\"datePublished\":\"2025-01-12T10:45:46+00:00\",\"dateModified\":\"2025-01-12T12:50:46+00:00\",\"author\":{\"@id\":\"https:\/\/dianapacheco.com.br\/blog\/#\/schema\/person\/97bf6b3fa6a56b83f8fe7cf4c1e2e1bb\"},\"description\":\"Dicas pr\u00e1ticas de como aumentar sua produtividade, ferramentas essenciais e h\u00e1bitos eficientes. Aprenda a trabalhar de forma mais inteligente.\",\"breadcrumb\":{\"@id\":\"https:\/\/dianapacheco.com.br\/blog\/comece-o-ano-com-tudo-como-ser-mais-produtivo\/#breadcrumb\"},\"inLanguage\":\"pt-BR\",\"potentialAction\":[{\"@type\":\"ReadAction\",\"target\":[\"https:\/\/dianapacheco.com.br\/blog\/comece-o-ano-com-tudo-como-ser-mais-produtivo\/\"]}]},{\"@type\":\"ImageObject\",\"inLanguage\":\"pt-BR\",\"@id\":\"https:\/\/dianapacheco.com.br\/blog\/comece-o-ano-com-tudo-como-ser-mais-produtivo\/#primaryimage\",\"url\":\"https:\/\/dianapacheco.com.br\/blog\/wp-content\/uploads\/2025\/01\/scenes-people-work-scaled-e1736677145643.jpg\",\"contentUrl\":\"https:\/\/dianapacheco.com.br\/blog\/wp-content\/uploads\/2025\/01\/scenes-people-work-scaled-e1736677145643.jpg\",\"width\":300,\"height\":205},{\"@type\":\"BreadcrumbList\",\"@id\":\"https:\/\/dianapacheco.com.br\/blog\/comece-o-ano-com-tudo-como-ser-mais-produtivo\/#breadcrumb\",\"itemListElement\":[{\"@type\":\"ListItem\",\"position\":1,\"name\":\"In\u00edcio\",\"item\":\"https:\/\/dianapacheco.com.br\/blog\/\"},{\"@type\":\"ListItem\",\"position\":2,\"name\":\"Comece o Ano com Tudo: Como Ser Mais Produtivo\"}]},{\"@type\":\"WebSite\",\"@id\":\"https:\/\/dianapacheco.com.br\/blog\/#website\",\"url\":\"https:\/\/dianapacheco.com.br\/blog\/\",\"name\":\"Diana Pacheco | Consultoria e Intelig\u00eancia Administrativa\",\"description\":\"Crescendo Organizando\",\"alternateName\":\"Diana Pacheco | Consultoria e Intelig\u00eancia Administrativa\",\"potentialAction\":[{\"@type\":\"SearchAction\",\"target\":{\"@type\":\"EntryPoint\",\"urlTemplate\":\"https:\/\/dianapacheco.com.br\/blog\/?s={search_term_string}\"},\"query-input\":{\"@type\":\"PropertyValueSpecification\",\"valueRequired\":true,\"valueName\":\"search_term_string\"}}],\"inLanguage\":\"pt-BR\"},{\"@type\":\"Person\",\"@id\":\"https:\/\/dianapacheco.com.br\/blog\/#\/schema\/person\/97bf6b3fa6a56b83f8fe7cf4c1e2e1bb\",\"name\":\"s-admin\",\"sameAs\":[\"https:\/\/dianapacheco.com.br\/blog\"],\"url\":\"https:\/\/dianapacheco.com.br\/blog\/author\/s-admin\/\"}]}<\/script>\n<!-- \/ Yoast SEO plugin. -->","yoast_head_json":{"title":"Comece o Ano com Tudo: Como Ser Mais Produtivo | Diana Pacheco","description":"Dicas pr\u00e1ticas de como aumentar sua produtividade, ferramentas essenciais e h\u00e1bitos eficientes. Aprenda a trabalhar de forma mais inteligente.","robots":{"index":"index","follow":"follow","max-snippet":"max-snippet:-1","max-image-preview":"max-image-preview:large","max-video-preview":"max-video-preview:-1"},"canonical":"https:\/\/dianapacheco.com.br\/blog\/comece-o-ano-com-tudo-como-ser-mais-produtivo\/","og_locale":"pt_BR","og_type":"article","og_title":"Comece o Ano com Tudo: Como Ser Mais Produtivo | Diana Pacheco","og_description":"Dicas pr\u00e1ticas de como aumentar sua produtividade, ferramentas essenciais e h\u00e1bitos eficientes. Aprenda a trabalhar de forma mais inteligente.","og_url":"https:\/\/dianapacheco.com.br\/blog\/comece-o-ano-com-tudo-como-ser-mais-produtivo\/","og_site_name":"Diana Pacheco","article_published_time":"2025-01-12T10:45:46+00:00","article_modified_time":"2025-01-12T12:50:46+00:00","og_image":[{"width":300,"height":205,"url":"https:\/\/dianapacheco.com.br\/blog\/wp-content\/uploads\/2025\/01\/scenes-people-work-scaled-e1736677145643.jpg","type":"image\/jpeg"}],"author":"s-admin","twitter_card":"summary_large_image","twitter_misc":{"Escrito por":"s-admin","Est. tempo de leitura":"5 minutos"},"schema":{"@context":"https:\/\/schema.org","@graph":[{"@type":"WebPage","@id":"https:\/\/dianapacheco.com.br\/blog\/comece-o-ano-com-tudo-como-ser-mais-produtivo\/","url":"https:\/\/dianapacheco.com.br\/blog\/comece-o-ano-com-tudo-como-ser-mais-produtivo\/","name":"Comece o Ano com Tudo: Como Ser Mais Produtivo | Diana Pacheco","isPartOf":{"@id":"https:\/\/dianapacheco.com.br\/blog\/#website"},"primaryImageOfPage":{"@id":"https:\/\/dianapacheco.com.br\/blog\/comece-o-ano-com-tudo-como-ser-mais-produtivo\/#primaryimage"},"image":{"@id":"https:\/\/dianapacheco.com.br\/blog\/comece-o-ano-com-tudo-como-ser-mais-produtivo\/#primaryimage"},"thumbnailUrl":"https:\/\/dianapacheco.com.br\/blog\/wp-content\/uploads\/2025\/01\/scenes-people-work-scaled-e1736677145643.jpg","datePublished":"2025-01-12T10:45:46+00:00","dateModified":"2025-01-12T12:50:46+00:00","author":{"@id":"https:\/\/dianapacheco.com.br\/blog\/#\/schema\/person\/97bf6b3fa6a56b83f8fe7cf4c1e2e1bb"},"description":"Dicas pr\u00e1ticas de como aumentar sua produtividade, ferramentas essenciais e h\u00e1bitos eficientes. Aprenda a trabalhar de forma mais inteligente.","breadcrumb":{"@id":"https:\/\/dianapacheco.com.br\/blog\/comece-o-ano-com-tudo-como-ser-mais-produtivo\/#breadcrumb"},"inLanguage":"pt-BR","potentialAction":[{"@type":"ReadAction","target":["https:\/\/dianapacheco.com.br\/blog\/comece-o-ano-com-tudo-como-ser-mais-produtivo\/"]}]},{"@type":"ImageObject","inLanguage":"pt-BR","@id":"https:\/\/dianapacheco.com.br\/blog\/comece-o-ano-com-tudo-como-ser-mais-produtivo\/#primaryimage","url":"https:\/\/dianapacheco.com.br\/blog\/wp-content\/uploads\/2025\/01\/scenes-people-work-scaled-e1736677145643.jpg","contentUrl":"https:\/\/dianapacheco.com.br\/blog\/wp-content\/uploads\/2025\/01\/scenes-people-work-scaled-e1736677145643.jpg","width":300,"height":205},{"@type":"BreadcrumbList","@id":"https:\/\/dianapacheco.com.br\/blog\/comece-o-ano-com-tudo-como-ser-mais-produtivo\/#breadcrumb","itemListElement":[{"@type":"ListItem","position":1,"name":"In\u00edcio","item":"https:\/\/dianapacheco.com.br\/blog\/"},{"@type":"ListItem","position":2,"name":"Comece o Ano com Tudo: Como Ser Mais Produtivo"}]},{"@type":"WebSite","@id":"https:\/\/dianapacheco.com.br\/blog\/#website","url":"https:\/\/dianapacheco.com.br\/blog\/","name":"Diana Pacheco | Consultoria e Intelig\u00eancia Administrativa","description":"Crescendo Organizando","alternateName":"Diana Pacheco | Consultoria e Intelig\u00eancia Administrativa","potentialAction":[{"@type":"SearchAction","target":{"@type":"EntryPoint","urlTemplate":"https:\/\/dianapacheco.com.br\/blog\/?s={search_term_string}"},"query-input":{"@type":"PropertyValueSpecification","valueRequired":true,"valueName":"search_term_string"}}],"inLanguage":"pt-BR"},{"@type":"Person","@id":"https:\/\/dianapacheco.com.br\/blog\/#\/schema\/person\/97bf6b3fa6a56b83f8fe7cf4c1e2e1bb","name":"s-admin","sameAs":["https:\/\/dianapacheco.com.br\/blog"],"url":"https:\/\/dianapacheco.com.br\/blog\/author\/s-admin\/"}]}},"_links":{"self":[{"href":"https:\/\/dianapacheco.com.br\/blog\/wp-json\/wp\/v2\/posts\/1307","targetHints":{"allow":["GET"]}}],"collection":[{"href":"https:\/\/dianapacheco.com.br\/blog\/wp-json\/wp\/v2\/posts"}],"about":[{"href":"https:\/\/dianapacheco.com.br\/blog\/wp-json\/wp\/v2\/types\/post"}],"author":[{"embeddable":true,"href":"https:\/\/dianapacheco.com.br\/blog\/wp-json\/wp\/v2\/users\/1"}],"replies":[{"embeddable":true,"href":"https:\/\/dianapacheco.com.br\/blog\/wp-json\/wp\/v2\/comments?post=1307"}],"version-history":[{"count":14,"href":"https:\/\/dianapacheco.com.br\/blog\/wp-json\/wp\/v2\/posts\/1307\/revisions"}],"predecessor-version":[{"id":1424,"href":"https:\/\/dianapacheco.com.br\/blog\/wp-json\/wp\/v2\/posts\/1307\/revisions\/1424"}],"wp:featuredmedia":[{"embeddable":true,"href":"https:\/\/dianapacheco.com.br\/blog\/wp-json\/wp\/v2\/media\/1404"}],"wp:attachment":[{"href":"https:\/\/dianapacheco.com.br\/blog\/wp-json\/wp\/v2\/media?parent=1307"}],"wp:term":[{"taxonomy":"category","embeddable":true,"href":"https:\/\/dianapacheco.com.br\/blog\/wp-json\/wp\/v2\/categories?post=1307"},{"taxonomy":"post_tag","embeddable":true,"href":"https:\/\/dianapacheco.com.br\/blog\/wp-json\/wp\/v2\/tags?post=1307"}],"curies":[{"name":"wp","href":"https:\/\/api.w.org\/{rel}","templated":true}]}}