{"id":1021,"date":"2024-10-06T21:03:00","date_gmt":"2024-10-07T00:03:00","guid":{"rendered":"https:\/\/dianapacheco.com.br\/blog\/equilibrando-a-vida-pessoal-e-profissional-um-desafio-continuo\/"},"modified":"2024-11-17T20:00:21","modified_gmt":"2024-11-17T23:00:21","slug":"equilibrando-a-vida-pessoal-e-profissional-um-desafio-continuo","status":"publish","type":"post","link":"https:\/\/dianapacheco.com.br\/blog\/equilibrando-a-vida-pessoal-e-profissional-um-desafio-continuo\/","title":{"rendered":"Equilibrando a vida pessoal e profissional: Um Desafio Cont\u00ednuo"},"content":{"rendered":"<p style=\"text-align: justify;\"><span style=\"font-family: Georgia, serif;\">A partir do momento que come\u00e7amos a empreender ou buscar uma ascens\u00e3o profissional, nos deparamos com diversos desafios para conciliar nossas tarefas fora do trabalho.<\/span><\/p>\n<p style=\"text-align: justify;\"><span style=\"font-family: Georgia, serif;\">Ent\u00e3o, vamos dar uma pausa para conversar sobre algo muito importante, mas que muitas vezes \u00e9 deixado de lado: o equil\u00edbrio entre a vida pessoal e profissional. Sabemos que conciliar o trabalho com as demandas da vida pessoal n\u00e3o \u00e9 uma tarefa f\u00e1cil, especialmente para as mulheres, que normalmente desempenham m\u00faltiplos pap\u00e9is, como m\u00e3es, esposas, donas de casa, irm\u00e3s, filhas, amigas, entre outros.<\/span><\/p>\n<p style=\"text-align: justify;\"><span style=\"font-family: Georgia, serif;\">O desafio de equilibrar as atividades pessoais e profissionais \u00e9 constante, especialmente para quem se aventura no mundo do empreendedorismo ou tem uma vida profissional exigente. Como \u00e9 poss\u00edvel, ent\u00e3o, cuidar de todos os aspectos da vida sem se sentir sobrecarregada ou culpada? Vamos falar sobre algumas estrat\u00e9gias que podem ajudar nesse processo.<\/span><\/p>\n<h3><span style=\"font-family: Georgia, serif;\"><strong>Reconhe\u00e7a Suas Necessidades Emocionais e Psicol\u00f3gicas<\/strong><\/span><\/h3>\n<p style=\"text-align: justify;\"><span style=\"font-family: Georgia, serif;\">Antes de qualquer coisa, \u00e9 essencial reconhecer a import\u00e2ncia de reservar tempo para cuidar de si mesma. A rotina intensa do trabalho pode acabar consumindo nossa energia mental e emocional. Reservar um tempo para relaxar, praticar um hobby ou simplesmente desconectar-se \u00e9 fundamental para manter a sa\u00fade mental e emocional em dia.<\/span><\/p>\n<div style=\"clear: both; text-align: center;\"><span style=\"font-family: Georgia, serif;\"><a style=\"clear: left; float: left; margin-bottom: 1em; margin-right: 1em;\" href=\"https:\/\/blogger.googleusercontent.com\/img\/b\/R29vZ2xl\/AVvXsEi_5tT-9yPiDXveiqpSdbYQohBHRmzdDsBLIbh4pMRQtEF0nnJXfYT5HyTpjUzJSMZ083YoMhXIFxRwTCMmANhk6gz3W1Qs-oRsdMWp95W4MaUsdX_bgj0azkkTBoB70InaXmqfkZm9sUW5TDsp4-QHdENB9c93gQt-1Bbdvp_aunevpd2Jl8xzjpMEBCY\/s1024\/DALL%C2%B7E%202024-10-06%2020.43.57%20-%20A%20midsize%20Brazilian%20woman%20with%20dark%20hair%20in%20a%20botanical%20garden,%20standing%20with%20her%20pre-teen%20son.%20Both%20are%20dressed%20in%20modest,%20casual%20clothing%20in%20pastel%20.webp\"><img fetchpriority=\"high\" decoding=\"async\" src=\"https:\/\/blogger.googleusercontent.com\/img\/b\/R29vZ2xl\/AVvXsEi_5tT-9yPiDXveiqpSdbYQohBHRmzdDsBLIbh4pMRQtEF0nnJXfYT5HyTpjUzJSMZ083YoMhXIFxRwTCMmANhk6gz3W1Qs-oRsdMWp95W4MaUsdX_bgj0azkkTBoB70InaXmqfkZm9sUW5TDsp4-QHdENB9c93gQt-1Bbdvp_aunevpd2Jl8xzjpMEBCY\/s320\/DALL%C2%B7E%202024-10-06%2020.43.57%20-%20A%20midsize%20Brazilian%20woman%20with%20dark%20hair%20in%20a%20botanical%20garden,%20standing%20with%20her%20pre-teen%20son.%20Both%20are%20dressed%20in%20modest,%20casual%20clothing%20in%20pastel%20.webp\" width=\"320\" height=\"320\" border=\"0\" data-original-height=\"1024\" data-original-width=\"1024\" \/><\/a><\/span><\/div>\n<h3><span style=\"font-family: Georgia, serif;\">Planeje Seu Tempo com Sabedoria<\/span><\/h3>\n<p style=\"text-align: justify;\"><span style=\"font-family: Georgia, serif;\">Embora n\u00e3o possamos criar mais horas no dia, podemos aprender a distribuir melhor o tempo que temos. Defina uma agenda flex\u00edvel que inclua suas obriga\u00e7\u00f5es profissionais, momentos para a fam\u00edlia e amigos, e, claro, tempo para voc\u00ea mesma. Uma dica \u00e9 separar per\u00edodos mesmo que curtos, mas frequentes, para estar com seus entes queridos. Lembre-se, qualidade \u00e9 mais importante que quantidade \u2013 e, para garantir essa qualidade, esteja realmente presente em cada momento.<\/span><\/p>\n<h3><span style=\"font-family: Georgia, serif;\"><strong>Aprenda a Dizer N\u00e3o e Defina Prioridades<\/strong><\/span><\/h3>\n<p style=\"text-align: justify;\"><span style=\"font-family: Georgia, serif;\">N\u00e3o se sinta culpada por dizer n\u00e3o a algumas tarefas ou compromissos. O excesso de responsabilidades pode prejudicar sua sa\u00fade e a qualidade do seu trabalho. Defina prioridades, tanto no trabalho quanto na vida pessoal, e aprenda a delegar sempre que poss\u00edvel. Aceitar que n\u00e3o \u00e9 necess\u00e1rio dar conta de tudo, principalmente sozinha, j\u00e1 \u00e9 um grande passo rumo ao equil\u00edbrio.<\/span><\/p>\n<h3><span style=\"font-family: Georgia, serif;\"><strong>Cuidar da Casa N\u00e3o Precisa Ser Um Fardo Solit\u00e1rio<\/strong><\/span><\/h3>\n<p style=\"text-align: justify;\"><span style=\"font-family: Georgia, serif;\">As responsabilidades dom\u00e9sticas tamb\u00e9m podem ser um ponto de estresse para muitas mulheres. Uma dica \u00e9 compartilhar essas atividades com outros membros da fam\u00edlia. Todos vivem na casa, portanto, todos podem colaborar para mant\u00ea-la organizada. Isso alivia a sobrecarga e permite que voc\u00ea tenha mais tempo para outras atividades importantes. Al\u00e9m disso, sempre que poss\u00edvel, invista em ferramentas e recursos que possam facilitar a rotina dom\u00e9stica.<\/span><\/p>\n<h3><span style=\"font-family: Georgia, serif;\"><strong>Rotina de Descanso e Autocuidado<\/strong><\/span><\/h3>\n<div style=\"clear: both; text-align: center;\"><span style=\"font-family: Georgia, serif;\"><a style=\"clear: right; float: right; margin-bottom: 1em; margin-left: 1em;\" href=\"https:\/\/blogger.googleusercontent.com\/img\/b\/R29vZ2xl\/AVvXsEh4kf9V9ZKpQnWA-X45z9sTYTzcsEDtv89xit7LTZf8J14lYDVlaXs18MsgmHchrl72To5b1iWpwOhJOITh68Wq50w3swfAruyEC0EVn5KHtj8pDdA3fy9H-WJyAlygQURiq6hZ-2EqoqpzhCcS0HlRTu_btFnGmW5Gs0BliYUp6WFM0mMFfMgxklJdiRY\/s1024\/DALL%C2%B7E%202024-10-06%2020.31.58%20-%20A%20midsize%20Brazilian%20woman%20with%20dark%20hair,%20wearing%20loose,%20modest%20clothing%20in%20pastel%20colors,%20meditating%20while%20sitting%20on%20a%20grassy%20hill%20overlooking%20a%20dis.webp\"><img decoding=\"async\" src=\"https:\/\/blogger.googleusercontent.com\/img\/b\/R29vZ2xl\/AVvXsEh4kf9V9ZKpQnWA-X45z9sTYTzcsEDtv89xit7LTZf8J14lYDVlaXs18MsgmHchrl72To5b1iWpwOhJOITh68Wq50w3swfAruyEC0EVn5KHtj8pDdA3fy9H-WJyAlygQURiq6hZ-2EqoqpzhCcS0HlRTu_btFnGmW5Gs0BliYUp6WFM0mMFfMgxklJdiRY\/s320\/DALL%C2%B7E%202024-10-06%2020.31.58%20-%20A%20midsize%20Brazilian%20woman%20with%20dark%20hair,%20wearing%20loose,%20modest%20clothing%20in%20pastel%20colors,%20meditating%20while%20sitting%20on%20a%20grassy%20hill%20overlooking%20a%20dis.webp\" width=\"320\" height=\"320\" border=\"0\" data-original-height=\"1024\" data-original-width=\"1024\" \/><\/a><\/span><\/div>\n<p style=\"text-align: justify;\"><span style=\"font-family: Georgia, serif;\">Por fim, \u00e9 essencial garantir que sua rotina inclua espa\u00e7o para o descanso. Muitas vezes, a vontade de \u201cdar conta de tudo\u201d nos faz ignorar a necessidade de parar e recarregar as energias. No entanto, descansar \u00e9 t\u00e3o produtivo quanto trabalhar, pois \u00e9 a partir do descanso que nossa mente se renova e se torna mais criativa e eficiente.<\/span><\/p>\n<p style=\"text-align: justify;\"><span style=\"font-family: Georgia, serif;\">Encontrar esse equil\u00edbrio \u00e9 poss\u00edvel com planejamento, autocuidado e comunica\u00e7\u00e3o. \u00c9 necess\u00e1rio entender que para conseguirmos realizar as tarefas profissionais, os momentos de refazimento s\u00e3o essenciais. Tire um tempo para ouvir suas pr\u00f3prias necessidades e as das pessoas ao seu redor, respeite seus limites e, acima de tudo, valorize o tempo de qualidade com sua fam\u00edlia e consigo mesma.<\/span><\/p>\n<p style=\"text-align: justify;\"><span style=\"font-family: Georgia, serif;\">Que tal come\u00e7ar a aplicar essas dicas hoje? Sua mente, corpo e alma agradecem!<\/span><\/p>\n<p><!-- notionvc: 61d4f86c-79d9-46cc-a2e0-28d5a878cd68 --><\/p>\n\n\n<p><\/p>\n","protected":false},"excerpt":{"rendered":"<p>A partir do momento que come\u00e7amos a empreender ou buscar uma ascens\u00e3o profissional, nos deparamos com diversos desafios para conciliar &#8230; <a class=\"cz_readmore cz_readmore_no_icon\" href=\"https:\/\/dianapacheco.com.br\/blog\/equilibrando-a-vida-pessoal-e-profissional-um-desafio-continuo\/\"><span>Leia Mais<\/span><\/a><\/p>\n","protected":false},"author":3,"featured_media":1159,"comment_status":"closed","ping_status":"closed","sticky":false,"template":"","format":"standard","meta":{"footnotes":""},"categories":[74,88],"tags":[90,89,92,91],"class_list":["post-1021","post","type-post","status-publish","format-standard","has-post-thumbnail","hentry","category-empreendedorismo","category-equilibrio-pessoal","tag-autocuidado","tag-equilibrio","tag-gestao-de-tempo-para-empreendedores","tag-qualidade-de-vida"],"yoast_head":"<!-- This site is optimized with the Yoast SEO plugin v23.8 - https:\/\/yoast.com\/wordpress\/plugins\/seo\/ -->\n<title>Equilibrando a vida pessoal e profissional: Um Desafio Cont\u00ednuo | Diana Pacheco<\/title>\n<meta name=\"description\" content=\"Que tal equilibrar vida pessoal e profissional com mais leveza? Junte-se a n\u00f3s, compartilhe suas dicas e descubra como viver com mais qualidade!\" \/>\n<meta name=\"robots\" content=\"index, follow, max-snippet:-1, max-image-preview:large, max-video-preview:-1\" \/>\n<link rel=\"canonical\" href=\"https:\/\/dianapacheco.com.br\/blog\/equilibrando-a-vida-pessoal-e-profissional-um-desafio-continuo\/\" \/>\n<meta property=\"og:locale\" content=\"pt_BR\" \/>\n<meta property=\"og:type\" content=\"article\" \/>\n<meta property=\"og:title\" content=\"Equilibrando a vida pessoal e profissional: Um Desafio Cont\u00ednuo | Diana Pacheco\" \/>\n<meta property=\"og:description\" content=\"Que tal equilibrar vida pessoal e profissional com mais leveza? Junte-se a n\u00f3s, compartilhe suas dicas e descubra como viver com mais qualidade!\" \/>\n<meta property=\"og:url\" content=\"https:\/\/dianapacheco.com.br\/blog\/equilibrando-a-vida-pessoal-e-profissional-um-desafio-continuo\/\" \/>\n<meta property=\"og:site_name\" content=\"Diana Pacheco\" \/>\n<meta property=\"article:published_time\" content=\"2024-10-07T00:03:00+00:00\" \/>\n<meta property=\"article:modified_time\" content=\"2024-11-17T23:00:21+00:00\" \/>\n<meta property=\"og:image\" content=\"https:\/\/dianapacheco.com.br\/blog\/wp-content\/uploads\/2024\/10\/DALL\u00b7E-2024-10-06-20.57.47-A-midsize-Brazilian-woman-with-dark-hair-viewed-from-over-the-shoulder-working-on-a-laptop-at-a-desk.-She-appears-overwhelmed-and-tired-with-a-cera-e1731883834951.webp\" \/>\n\t<meta property=\"og:image:width\" content=\"300\" \/>\n\t<meta property=\"og:image:height\" content=\"300\" \/>\n\t<meta property=\"og:image:type\" content=\"image\/webp\" \/>\n<meta name=\"author\" content=\"Diana Pacheco\" \/>\n<meta name=\"twitter:card\" content=\"summary_large_image\" \/>\n<meta name=\"twitter:label1\" content=\"Escrito por\" \/>\n\t<meta name=\"twitter:data1\" content=\"Diana Pacheco\" \/>\n\t<meta name=\"twitter:label2\" content=\"Est. tempo de leitura\" \/>\n\t<meta name=\"twitter:data2\" content=\"4 minutos\" \/>\n<script type=\"application\/ld+json\" class=\"yoast-schema-graph\">{\"@context\":\"https:\/\/schema.org\",\"@graph\":[{\"@type\":\"WebPage\",\"@id\":\"https:\/\/dianapacheco.com.br\/blog\/equilibrando-a-vida-pessoal-e-profissional-um-desafio-continuo\/\",\"url\":\"https:\/\/dianapacheco.com.br\/blog\/equilibrando-a-vida-pessoal-e-profissional-um-desafio-continuo\/\",\"name\":\"Equilibrando a vida pessoal e profissional: Um Desafio Cont\u00ednuo | Diana Pacheco\",\"isPartOf\":{\"@id\":\"https:\/\/dianapacheco.com.br\/blog\/#website\"},\"primaryImageOfPage\":{\"@id\":\"https:\/\/dianapacheco.com.br\/blog\/equilibrando-a-vida-pessoal-e-profissional-um-desafio-continuo\/#primaryimage\"},\"image\":{\"@id\":\"https:\/\/dianapacheco.com.br\/blog\/equilibrando-a-vida-pessoal-e-profissional-um-desafio-continuo\/#primaryimage\"},\"thumbnailUrl\":\"https:\/\/dianapacheco.com.br\/blog\/wp-content\/uploads\/2024\/10\/DALL\u00b7E-2024-10-06-20.57.47-A-midsize-Brazilian-woman-with-dark-hair-viewed-from-over-the-shoulder-working-on-a-laptop-at-a-desk.-She-appears-overwhelmed-and-tired-with-a-cera-e1731883834951.webp\",\"datePublished\":\"2024-10-07T00:03:00+00:00\",\"dateModified\":\"2024-11-17T23:00:21+00:00\",\"author\":{\"@id\":\"https:\/\/dianapacheco.com.br\/blog\/#\/schema\/person\/818b4d76fb9a621fbc5fa424f58dd88f\"},\"description\":\"Que tal equilibrar vida pessoal e profissional com mais leveza? Junte-se a n\u00f3s, compartilhe suas dicas e descubra como viver com mais qualidade!\",\"breadcrumb\":{\"@id\":\"https:\/\/dianapacheco.com.br\/blog\/equilibrando-a-vida-pessoal-e-profissional-um-desafio-continuo\/#breadcrumb\"},\"inLanguage\":\"pt-BR\",\"potentialAction\":[{\"@type\":\"ReadAction\",\"target\":[\"https:\/\/dianapacheco.com.br\/blog\/equilibrando-a-vida-pessoal-e-profissional-um-desafio-continuo\/\"]}]},{\"@type\":\"ImageObject\",\"inLanguage\":\"pt-BR\",\"@id\":\"https:\/\/dianapacheco.com.br\/blog\/equilibrando-a-vida-pessoal-e-profissional-um-desafio-continuo\/#primaryimage\",\"url\":\"https:\/\/dianapacheco.com.br\/blog\/wp-content\/uploads\/2024\/10\/DALL\u00b7E-2024-10-06-20.57.47-A-midsize-Brazilian-woman-with-dark-hair-viewed-from-over-the-shoulder-working-on-a-laptop-at-a-desk.-She-appears-overwhelmed-and-tired-with-a-cera-e1731883834951.webp\",\"contentUrl\":\"https:\/\/dianapacheco.com.br\/blog\/wp-content\/uploads\/2024\/10\/DALL\u00b7E-2024-10-06-20.57.47-A-midsize-Brazilian-woman-with-dark-hair-viewed-from-over-the-shoulder-working-on-a-laptop-at-a-desk.-She-appears-overwhelmed-and-tired-with-a-cera-e1731883834951.webp\",\"width\":300,\"height\":300},{\"@type\":\"BreadcrumbList\",\"@id\":\"https:\/\/dianapacheco.com.br\/blog\/equilibrando-a-vida-pessoal-e-profissional-um-desafio-continuo\/#breadcrumb\",\"itemListElement\":[{\"@type\":\"ListItem\",\"position\":1,\"name\":\"In\u00edcio\",\"item\":\"https:\/\/dianapacheco.com.br\/blog\/\"},{\"@type\":\"ListItem\",\"position\":2,\"name\":\"Equilibrando a vida pessoal e profissional: Um Desafio Cont\u00ednuo\"}]},{\"@type\":\"WebSite\",\"@id\":\"https:\/\/dianapacheco.com.br\/blog\/#website\",\"url\":\"https:\/\/dianapacheco.com.br\/blog\/\",\"name\":\"Diana Pacheco | Consultoria e Intelig\u00eancia Administrativa\",\"description\":\"Crescendo Organizando\",\"alternateName\":\"Diana Pacheco | Consultoria e Intelig\u00eancia Administrativa\",\"potentialAction\":[{\"@type\":\"SearchAction\",\"target\":{\"@type\":\"EntryPoint\",\"urlTemplate\":\"https:\/\/dianapacheco.com.br\/blog\/?s={search_term_string}\"},\"query-input\":{\"@type\":\"PropertyValueSpecification\",\"valueRequired\":true,\"valueName\":\"search_term_string\"}}],\"inLanguage\":\"pt-BR\"},{\"@type\":\"Person\",\"@id\":\"https:\/\/dianapacheco.com.br\/blog\/#\/schema\/person\/818b4d76fb9a621fbc5fa424f58dd88f\",\"name\":\"Diana Pacheco\",\"url\":\"https:\/\/dianapacheco.com.br\/blog\/author\/diana-pacheco\/\"}]}<\/script>\n<!-- \/ Yoast SEO plugin. -->","yoast_head_json":{"title":"Equilibrando a vida pessoal e profissional: Um Desafio Cont\u00ednuo | Diana Pacheco","description":"Que tal equilibrar vida pessoal e profissional com mais leveza? Junte-se a n\u00f3s, compartilhe suas dicas e descubra como viver com mais qualidade!","robots":{"index":"index","follow":"follow","max-snippet":"max-snippet:-1","max-image-preview":"max-image-preview:large","max-video-preview":"max-video-preview:-1"},"canonical":"https:\/\/dianapacheco.com.br\/blog\/equilibrando-a-vida-pessoal-e-profissional-um-desafio-continuo\/","og_locale":"pt_BR","og_type":"article","og_title":"Equilibrando a vida pessoal e profissional: Um Desafio Cont\u00ednuo | Diana Pacheco","og_description":"Que tal equilibrar vida pessoal e profissional com mais leveza? Junte-se a n\u00f3s, compartilhe suas dicas e descubra como viver com mais qualidade!","og_url":"https:\/\/dianapacheco.com.br\/blog\/equilibrando-a-vida-pessoal-e-profissional-um-desafio-continuo\/","og_site_name":"Diana Pacheco","article_published_time":"2024-10-07T00:03:00+00:00","article_modified_time":"2024-11-17T23:00:21+00:00","og_image":[{"width":300,"height":300,"url":"https:\/\/dianapacheco.com.br\/blog\/wp-content\/uploads\/2024\/10\/DALL\u00b7E-2024-10-06-20.57.47-A-midsize-Brazilian-woman-with-dark-hair-viewed-from-over-the-shoulder-working-on-a-laptop-at-a-desk.-She-appears-overwhelmed-and-tired-with-a-cera-e1731883834951.webp","type":"image\/webp"}],"author":"Diana Pacheco","twitter_card":"summary_large_image","twitter_misc":{"Escrito por":"Diana Pacheco","Est. tempo de leitura":"4 minutos"},"schema":{"@context":"https:\/\/schema.org","@graph":[{"@type":"WebPage","@id":"https:\/\/dianapacheco.com.br\/blog\/equilibrando-a-vida-pessoal-e-profissional-um-desafio-continuo\/","url":"https:\/\/dianapacheco.com.br\/blog\/equilibrando-a-vida-pessoal-e-profissional-um-desafio-continuo\/","name":"Equilibrando a vida pessoal e profissional: Um Desafio Cont\u00ednuo | Diana Pacheco","isPartOf":{"@id":"https:\/\/dianapacheco.com.br\/blog\/#website"},"primaryImageOfPage":{"@id":"https:\/\/dianapacheco.com.br\/blog\/equilibrando-a-vida-pessoal-e-profissional-um-desafio-continuo\/#primaryimage"},"image":{"@id":"https:\/\/dianapacheco.com.br\/blog\/equilibrando-a-vida-pessoal-e-profissional-um-desafio-continuo\/#primaryimage"},"thumbnailUrl":"https:\/\/dianapacheco.com.br\/blog\/wp-content\/uploads\/2024\/10\/DALL\u00b7E-2024-10-06-20.57.47-A-midsize-Brazilian-woman-with-dark-hair-viewed-from-over-the-shoulder-working-on-a-laptop-at-a-desk.-She-appears-overwhelmed-and-tired-with-a-cera-e1731883834951.webp","datePublished":"2024-10-07T00:03:00+00:00","dateModified":"2024-11-17T23:00:21+00:00","author":{"@id":"https:\/\/dianapacheco.com.br\/blog\/#\/schema\/person\/818b4d76fb9a621fbc5fa424f58dd88f"},"description":"Que tal equilibrar vida pessoal e profissional com mais leveza? Junte-se a n\u00f3s, compartilhe suas dicas e descubra como viver com mais qualidade!","breadcrumb":{"@id":"https:\/\/dianapacheco.com.br\/blog\/equilibrando-a-vida-pessoal-e-profissional-um-desafio-continuo\/#breadcrumb"},"inLanguage":"pt-BR","potentialAction":[{"@type":"ReadAction","target":["https:\/\/dianapacheco.com.br\/blog\/equilibrando-a-vida-pessoal-e-profissional-um-desafio-continuo\/"]}]},{"@type":"ImageObject","inLanguage":"pt-BR","@id":"https:\/\/dianapacheco.com.br\/blog\/equilibrando-a-vida-pessoal-e-profissional-um-desafio-continuo\/#primaryimage","url":"https:\/\/dianapacheco.com.br\/blog\/wp-content\/uploads\/2024\/10\/DALL\u00b7E-2024-10-06-20.57.47-A-midsize-Brazilian-woman-with-dark-hair-viewed-from-over-the-shoulder-working-on-a-laptop-at-a-desk.-She-appears-overwhelmed-and-tired-with-a-cera-e1731883834951.webp","contentUrl":"https:\/\/dianapacheco.com.br\/blog\/wp-content\/uploads\/2024\/10\/DALL\u00b7E-2024-10-06-20.57.47-A-midsize-Brazilian-woman-with-dark-hair-viewed-from-over-the-shoulder-working-on-a-laptop-at-a-desk.-She-appears-overwhelmed-and-tired-with-a-cera-e1731883834951.webp","width":300,"height":300},{"@type":"BreadcrumbList","@id":"https:\/\/dianapacheco.com.br\/blog\/equilibrando-a-vida-pessoal-e-profissional-um-desafio-continuo\/#breadcrumb","itemListElement":[{"@type":"ListItem","position":1,"name":"In\u00edcio","item":"https:\/\/dianapacheco.com.br\/blog\/"},{"@type":"ListItem","position":2,"name":"Equilibrando a vida pessoal e profissional: Um Desafio Cont\u00ednuo"}]},{"@type":"WebSite","@id":"https:\/\/dianapacheco.com.br\/blog\/#website","url":"https:\/\/dianapacheco.com.br\/blog\/","name":"Diana Pacheco | Consultoria e Intelig\u00eancia Administrativa","description":"Crescendo Organizando","alternateName":"Diana Pacheco | Consultoria e Intelig\u00eancia Administrativa","potentialAction":[{"@type":"SearchAction","target":{"@type":"EntryPoint","urlTemplate":"https:\/\/dianapacheco.com.br\/blog\/?s={search_term_string}"},"query-input":{"@type":"PropertyValueSpecification","valueRequired":true,"valueName":"search_term_string"}}],"inLanguage":"pt-BR"},{"@type":"Person","@id":"https:\/\/dianapacheco.com.br\/blog\/#\/schema\/person\/818b4d76fb9a621fbc5fa424f58dd88f","name":"Diana Pacheco","url":"https:\/\/dianapacheco.com.br\/blog\/author\/diana-pacheco\/"}]}},"_links":{"self":[{"href":"https:\/\/dianapacheco.com.br\/blog\/wp-json\/wp\/v2\/posts\/1021","targetHints":{"allow":["GET"]}}],"collection":[{"href":"https:\/\/dianapacheco.com.br\/blog\/wp-json\/wp\/v2\/posts"}],"about":[{"href":"https:\/\/dianapacheco.com.br\/blog\/wp-json\/wp\/v2\/types\/post"}],"author":[{"embeddable":true,"href":"https:\/\/dianapacheco.com.br\/blog\/wp-json\/wp\/v2\/users\/3"}],"replies":[{"embeddable":true,"href":"https:\/\/dianapacheco.com.br\/blog\/wp-json\/wp\/v2\/comments?post=1021"}],"version-history":[{"count":4,"href":"https:\/\/dianapacheco.com.br\/blog\/wp-json\/wp\/v2\/posts\/1021\/revisions"}],"predecessor-version":[{"id":1162,"href":"https:\/\/dianapacheco.com.br\/blog\/wp-json\/wp\/v2\/posts\/1021\/revisions\/1162"}],"wp:featuredmedia":[{"embeddable":true,"href":"https:\/\/dianapacheco.com.br\/blog\/wp-json\/wp\/v2\/media\/1159"}],"wp:attachment":[{"href":"https:\/\/dianapacheco.com.br\/blog\/wp-json\/wp\/v2\/media?parent=1021"}],"wp:term":[{"taxonomy":"category","embeddable":true,"href":"https:\/\/dianapacheco.com.br\/blog\/wp-json\/wp\/v2\/categories?post=1021"},{"taxonomy":"post_tag","embeddable":true,"href":"https:\/\/dianapacheco.com.br\/blog\/wp-json\/wp\/v2\/tags?post=1021"}],"curies":[{"name":"wp","href":"https:\/\/api.w.org\/{rel}","templated":true}]}}